{"id":8178,"date":"2010-01-19T23:16:50","date_gmt":"2010-01-19T21:16:50","guid":{"rendered":"http:\/\/www.diabsite.de\/diabetes-weblog\/?p=8178"},"modified":"2010-03-29T23:17:46","modified_gmt":"2010-03-29T21:17:46","slug":"bdi-prasident-fordert-offene-debatte-uber-priorisierung","status":"publish","type":"post","link":"https:\/\/www.diabsite.de\/diabetes-weblog\/2010\/01\/19\/bdi-prasident-fordert-offene-debatte-uber-priorisierung\/","title":{"rendered":"BDI-Pr\u00e4sident fordert offene Debatte \u00fcber Priorisierung"},"content":{"rendered":"<p>Der Berufsverband Deutscher Internisten, BDI e.V., unterst\u00fctzt den aktuellen Aufruf von Bundes\u00e4rztekammer-Pr\u00e4sident Prof.&nbsp;J\u00f6rg D.&nbsp;Hoppe in der Frankfurter Allgemeinen Sonntagszeitung an Bundesgesundheitsminister Dr.&nbsp;Philipp R\u00f6sler&nbsp;(FDP), eine offene Debatte dar\u00fcber zu f\u00fchren, welche Patienten und Krankheiten k\u00fcnftig mit welcher Priorit\u00e4t behandelt werden. <a href=\"https:\/\/www.diabsite.de\/aktuelles\/nachrichten\/2010\/100119d.html\" target=\"_blank\" class=\"ds\" title=\"zur Nachricht (neues Fenster)\">Nachricht lesen<\/a><\/p>\n","protected":false},"excerpt":{"rendered":"<p>Der Berufsverband Deutscher Internisten, BDI e.V., unterst\u00fctzt den aktuellen Aufruf von Bundes\u00e4rztekammer-Pr\u00e4sident Prof.&nbsp;J\u00f6rg D.&nbsp;Hoppe in der Frankfurter Allgemeinen Sonntagszeitung an Bundesgesundheitsminister Dr.&nbsp;Philipp R\u00f6sler&nbsp;(FDP), eine offene Debatte dar\u00fcber zu f\u00fchren, welche Patienten und Krankheiten k\u00fcnftig mit welcher Priorit\u00e4t behandelt werden. Nachricht lesen<\/p>\n","protected":false},"author":4,"featured_media":0,"comment_status":"closed","ping_status":"open","sticky":false,"template":"","format":"standard","meta":{"footnotes":""},"categories":[2],"tags":[],"_links":{"self":[{"href":"https:\/\/www.diabsite.de\/diabetes-weblog\/wp-json\/wp\/v2\/posts\/8178"}],"collection":[{"href":"https:\/\/www.diabsite.de\/diabetes-weblog\/wp-json\/wp\/v2\/posts"}],"about":[{"href":"https:\/\/www.diabsite.de\/diabetes-weblog\/wp-json\/wp\/v2\/types\/post"}],"author":[{"embeddable":true,"href":"https:\/\/www.diabsite.de\/diabetes-weblog\/wp-json\/wp\/v2\/users\/4"}],"replies":[{"embeddable":true,"href":"https:\/\/www.diabsite.de\/diabetes-weblog\/wp-json\/wp\/v2\/comments?post=8178"}],"version-history":[{"count":3,"href":"https:\/\/www.diabsite.de\/diabetes-weblog\/wp-json\/wp\/v2\/posts\/8178\/revisions"}],"predecessor-version":[{"id":8181,"href":"https:\/\/www.diabsite.de\/diabetes-weblog\/wp-json\/wp\/v2\/posts\/8178\/revisions\/8181"}],"wp:attachment":[{"href":"https:\/\/www.diabsite.de\/diabetes-weblog\/wp-json\/wp\/v2\/media?parent=8178"}],"wp:term":[{"taxonomy":"category","embeddable":true,"href":"https:\/\/www.diabsite.de\/diabetes-weblog\/wp-json\/wp\/v2\/categories?post=8178"},{"taxonomy":"post_tag","embeddable":true,"href":"https:\/\/www.diabsite.de\/diabetes-weblog\/wp-json\/wp\/v2\/tags?post=8178"}],"curies":[{"name":"wp","href":"https:\/\/api.w.org\/{rel}","templated":true}]}}