{"id":7420,"date":"2009-06-12T21:22:23","date_gmt":"2009-06-12T20:22:23","guid":{"rendered":"http:\/\/www.diabsite.de\/diabetes-weblog\/?p=7420"},"modified":"2010-02-03T21:25:37","modified_gmt":"2010-02-03T20:25:37","slug":"kein-grunes-licht-fur-einheitsversicherung","status":"publish","type":"post","link":"https:\/\/www.diabsite.de\/diabetes-weblog\/2009\/06\/12\/kein-grunes-licht-fur-einheitsversicherung\/","title":{"rendered":"Kein gr\u00fcnes Licht f\u00fcr Einheitsversicherung"},"content":{"rendered":"<p>Gadomski zu den Entscheidungen des Bundesverfassungsgerichts \u00fcber die Verfassungsbeschwerden der PKV: &#8222;Das Bundesverfassungsgericht hat das Existenzrecht der privaten Krankenversicherung klar best\u00e4tigt, und zwar nicht nur f\u00fcr Zusatzversicherungen, sondern als eigene S\u00e4ule neben der gesetzlichen Krankenversicherung&#8220;, kommentierte Sanit\u00e4tsrat Dr.&nbsp;Franz Gadomski, Vorsitzender des Ausschusses &#8222;Geb\u00fchrenordnung&#8220; der Bundes\u00e4rztekammer, die j\u00fcngsten Entscheidungen des Gerichts \u00fcber Verfassungsbeschwerden der Privaten Krankenversicherung. <a href=\"https:\/\/www.diabsite.de\/aktuelles\/nachrichten\/2009\/090612b.html\" target=\"_blank\" class=\"ds\" title=\"zur Nachricht (neues Fenster)\">Nachricht lesen<\/a><\/p>\n","protected":false},"excerpt":{"rendered":"<p>Gadomski zu den Entscheidungen des Bundesverfassungsgerichts \u00fcber die Verfassungsbeschwerden der PKV: &#8222;Das Bundesverfassungsgericht hat das Existenzrecht der privaten Krankenversicherung klar best\u00e4tigt, und zwar nicht nur f\u00fcr Zusatzversicherungen, sondern als eigene S\u00e4ule neben der gesetzlichen Krankenversicherung&#8220;, kommentierte Sanit\u00e4tsrat Dr.&nbsp;Franz Gadomski, Vorsitzender des Ausschusses &#8222;Geb\u00fchrenordnung&#8220; der Bundes\u00e4rztekammer, die j\u00fcngsten Entscheidungen des Gerichts \u00fcber Verfassungsbeschwerden der Privaten Krankenversicherung. [&hellip;]<\/p>\n","protected":false},"author":4,"featured_media":0,"comment_status":"closed","ping_status":"open","sticky":false,"template":"","format":"standard","meta":{"footnotes":""},"categories":[2],"tags":[],"_links":{"self":[{"href":"https:\/\/www.diabsite.de\/diabetes-weblog\/wp-json\/wp\/v2\/posts\/7420"}],"collection":[{"href":"https:\/\/www.diabsite.de\/diabetes-weblog\/wp-json\/wp\/v2\/posts"}],"about":[{"href":"https:\/\/www.diabsite.de\/diabetes-weblog\/wp-json\/wp\/v2\/types\/post"}],"author":[{"embeddable":true,"href":"https:\/\/www.diabsite.de\/diabetes-weblog\/wp-json\/wp\/v2\/users\/4"}],"replies":[{"embeddable":true,"href":"https:\/\/www.diabsite.de\/diabetes-weblog\/wp-json\/wp\/v2\/comments?post=7420"}],"version-history":[{"count":2,"href":"https:\/\/www.diabsite.de\/diabetes-weblog\/wp-json\/wp\/v2\/posts\/7420\/revisions"}],"predecessor-version":[{"id":7422,"href":"https:\/\/www.diabsite.de\/diabetes-weblog\/wp-json\/wp\/v2\/posts\/7420\/revisions\/7422"}],"wp:attachment":[{"href":"https:\/\/www.diabsite.de\/diabetes-weblog\/wp-json\/wp\/v2\/media?parent=7420"}],"wp:term":[{"taxonomy":"category","embeddable":true,"href":"https:\/\/www.diabsite.de\/diabetes-weblog\/wp-json\/wp\/v2\/categories?post=7420"},{"taxonomy":"post_tag","embeddable":true,"href":"https:\/\/www.diabsite.de\/diabetes-weblog\/wp-json\/wp\/v2\/tags?post=7420"}],"curies":[{"name":"wp","href":"https:\/\/api.w.org\/{rel}","templated":true}]}}