{"id":7295,"date":"2010-01-26T22:04:39","date_gmt":"2010-01-26T21:04:39","guid":{"rendered":"http:\/\/www.diabsite.de\/diabetes-weblog\/?p=7295"},"modified":"2010-01-26T22:04:39","modified_gmt":"2010-01-26T21:04:39","slug":"patiententag-im-rahmen-der-diabetes-messe-2010","status":"publish","type":"post","link":"https:\/\/www.diabsite.de\/diabetes-weblog\/2010\/01\/26\/patiententag-im-rahmen-der-diabetes-messe-2010\/","title":{"rendered":"Patiententag im Rahmen der Diabetes Messe 2010"},"content":{"rendered":"<p>Viele Diabetiker m\u00fcssen mit einem permanenten Brennen, Kribbeln und Stechen leben. Die Ursache, ein erkranktes Nervensystem, wird h\u00e4ufig \u00fcbersehen und das Leiden falsch therapiert. Chronische Schmerzen bilden daher einen Themenschwerpunkt des Patiententags, der am Sonntag, 28.&nbsp;Februar, im Rahmen der Diabetes Messe&nbsp;2010 in M\u00fcnster, Messe und Congress Centrum Halle M\u00fcnsterland, stattfindet. Ebenfalls im Fokus stehen Kinder, bei denen Diabetes h\u00e4ufig mit \u00dcbergewicht einher geht. <a href=\"https:\/\/www.diabsite.de\/aktuelles\/nachrichten\/2010\/100126.html\" target=\"_blank\" class=\"ds\" title=\"zur Nachricht (neues Fenster)\">Nachricht lesen<\/a><\/p>\n","protected":false},"excerpt":{"rendered":"<p>Viele Diabetiker m\u00fcssen mit einem permanenten Brennen, Kribbeln und Stechen leben. Die Ursache, ein erkranktes Nervensystem, wird h\u00e4ufig \u00fcbersehen und das Leiden falsch therapiert. Chronische Schmerzen bilden daher einen Themenschwerpunkt des Patiententags, der am Sonntag, 28.&nbsp;Februar, im Rahmen der Diabetes Messe&nbsp;2010 in M\u00fcnster, Messe und Congress Centrum Halle M\u00fcnsterland, stattfindet. Ebenfalls im Fokus stehen Kinder, [&hellip;]<\/p>\n","protected":false},"author":4,"featured_media":0,"comment_status":"closed","ping_status":"open","sticky":false,"template":"","format":"standard","meta":{"footnotes":""},"categories":[2],"tags":[],"_links":{"self":[{"href":"https:\/\/www.diabsite.de\/diabetes-weblog\/wp-json\/wp\/v2\/posts\/7295"}],"collection":[{"href":"https:\/\/www.diabsite.de\/diabetes-weblog\/wp-json\/wp\/v2\/posts"}],"about":[{"href":"https:\/\/www.diabsite.de\/diabetes-weblog\/wp-json\/wp\/v2\/types\/post"}],"author":[{"embeddable":true,"href":"https:\/\/www.diabsite.de\/diabetes-weblog\/wp-json\/wp\/v2\/users\/4"}],"replies":[{"embeddable":true,"href":"https:\/\/www.diabsite.de\/diabetes-weblog\/wp-json\/wp\/v2\/comments?post=7295"}],"version-history":[{"count":3,"href":"https:\/\/www.diabsite.de\/diabetes-weblog\/wp-json\/wp\/v2\/posts\/7295\/revisions"}],"predecessor-version":[{"id":7298,"href":"https:\/\/www.diabsite.de\/diabetes-weblog\/wp-json\/wp\/v2\/posts\/7295\/revisions\/7298"}],"wp:attachment":[{"href":"https:\/\/www.diabsite.de\/diabetes-weblog\/wp-json\/wp\/v2\/media?parent=7295"}],"wp:term":[{"taxonomy":"category","embeddable":true,"href":"https:\/\/www.diabsite.de\/diabetes-weblog\/wp-json\/wp\/v2\/categories?post=7295"},{"taxonomy":"post_tag","embeddable":true,"href":"https:\/\/www.diabsite.de\/diabetes-weblog\/wp-json\/wp\/v2\/tags?post=7295"}],"curies":[{"name":"wp","href":"https:\/\/api.w.org\/{rel}","templated":true}]}}