{"id":7131,"date":"2010-01-11T12:24:02","date_gmt":"2010-01-11T11:24:02","guid":{"rendered":"http:\/\/www.diabsite.de\/diabetes-weblog\/?p=7131"},"modified":"2010-01-11T12:24:02","modified_gmt":"2010-01-11T11:24:02","slug":"okonomische-ungleichheit-und-gesundheit","status":"publish","type":"post","link":"https:\/\/www.diabsite.de\/diabetes-weblog\/2010\/01\/11\/okonomische-ungleichheit-und-gesundheit\/","title":{"rendered":"\u00d6konomische Ungleichheit und Gesundheit"},"content":{"rendered":"<p>Je gr\u00f6\u00dfer die \u00f6konomische Ungleichheit in einem Land, desto schlechter ist es um die Gesundheit seiner Bev\u00f6lkerung bestellt. Das ist das Ergebnis einer Studie des Gesundheits\u00f6konomen Martin Karlsson von der TU&nbsp;Darmstadt in Kooperation mit der Universit\u00e4t Lund (Schweden). Karlssons Arbeit unterscheidet sich von bisherigen \u00e4hnlichen Studien durch ihre weltweite Datenbasis: sie gr\u00fcndet sich auf Umfragen in 21&nbsp;L\u00e4ndern. <a href=\"https:\/\/www.diabsite.de\/aktuelles\/nachrichten\/2010\/100111.html\" target=\"_blank\" class=\"ds\" title=\"zur Nachricht (neues Fenster)\">Nachricht lesen<\/a><\/p>\n","protected":false},"excerpt":{"rendered":"<p>Je gr\u00f6\u00dfer die \u00f6konomische Ungleichheit in einem Land, desto schlechter ist es um die Gesundheit seiner Bev\u00f6lkerung bestellt. Das ist das Ergebnis einer Studie des Gesundheits\u00f6konomen Martin Karlsson von der TU&nbsp;Darmstadt in Kooperation mit der Universit\u00e4t Lund (Schweden). Karlssons Arbeit unterscheidet sich von bisherigen \u00e4hnlichen Studien durch ihre weltweite Datenbasis: sie gr\u00fcndet sich auf Umfragen [&hellip;]<\/p>\n","protected":false},"author":4,"featured_media":0,"comment_status":"closed","ping_status":"open","sticky":false,"template":"","format":"standard","meta":{"footnotes":""},"categories":[2],"tags":[],"_links":{"self":[{"href":"https:\/\/www.diabsite.de\/diabetes-weblog\/wp-json\/wp\/v2\/posts\/7131"}],"collection":[{"href":"https:\/\/www.diabsite.de\/diabetes-weblog\/wp-json\/wp\/v2\/posts"}],"about":[{"href":"https:\/\/www.diabsite.de\/diabetes-weblog\/wp-json\/wp\/v2\/types\/post"}],"author":[{"embeddable":true,"href":"https:\/\/www.diabsite.de\/diabetes-weblog\/wp-json\/wp\/v2\/users\/4"}],"replies":[{"embeddable":true,"href":"https:\/\/www.diabsite.de\/diabetes-weblog\/wp-json\/wp\/v2\/comments?post=7131"}],"version-history":[{"count":2,"href":"https:\/\/www.diabsite.de\/diabetes-weblog\/wp-json\/wp\/v2\/posts\/7131\/revisions"}],"predecessor-version":[{"id":7133,"href":"https:\/\/www.diabsite.de\/diabetes-weblog\/wp-json\/wp\/v2\/posts\/7131\/revisions\/7133"}],"wp:attachment":[{"href":"https:\/\/www.diabsite.de\/diabetes-weblog\/wp-json\/wp\/v2\/media?parent=7131"}],"wp:term":[{"taxonomy":"category","embeddable":true,"href":"https:\/\/www.diabsite.de\/diabetes-weblog\/wp-json\/wp\/v2\/categories?post=7131"},{"taxonomy":"post_tag","embeddable":true,"href":"https:\/\/www.diabsite.de\/diabetes-weblog\/wp-json\/wp\/v2\/tags?post=7131"}],"curies":[{"name":"wp","href":"https:\/\/api.w.org\/{rel}","templated":true}]}}