{"id":6995,"date":"2009-12-28T20:09:04","date_gmt":"2009-12-28T19:09:04","guid":{"rendered":"http:\/\/www.diabsite.de\/diabetes-weblog\/?p=6995"},"modified":"2009-12-28T20:09:04","modified_gmt":"2009-12-28T19:09:04","slug":"alzheimer-nicht-mit-stammzellen-heilbar","status":"publish","type":"post","link":"https:\/\/www.diabsite.de\/diabetes-weblog\/2009\/12\/28\/alzheimer-nicht-mit-stammzellen-heilbar\/","title":{"rendered":"Alzheimer l\u00e4sst sich nicht mit Stammzellen heilen&nbsp;&#8211; Diabetes vielleicht"},"content":{"rendered":"<p>Die Alzheimerkrankheit l\u00e4sst sich vermutlich nicht mit Stammzellen heilen. Das sagte der deutsche Stammzellforscher Rudolf Jaenisch, der im amerikanischen Whitehead-Institut f\u00fcr biomedizinische Forschung in Boston arbeitet, dem Tagesspiegel. F\u00fcr Diabetes h\u00e4lt er eine Stammzelltherapie f\u00fcr m\u00f6glich. Auf ein genaues Datum, wann es so weit sein werde, wolle er sich jedoch nicht festlegen. <a href=\"https:\/\/www.diabsite.de\/aktuelles\/nachrichten\/2009\/091228b.html\" target=\"_blank\" class=\"ds\" title=\"zur Nachricht (neues Fenster)\">Nachricht lesen<\/a> <\/p>\n","protected":false},"excerpt":{"rendered":"<p>Die Alzheimerkrankheit l\u00e4sst sich vermutlich nicht mit Stammzellen heilen. Das sagte der deutsche Stammzellforscher Rudolf Jaenisch, der im amerikanischen Whitehead-Institut f\u00fcr biomedizinische Forschung in Boston arbeitet, dem Tagesspiegel. F\u00fcr Diabetes h\u00e4lt er eine Stammzelltherapie f\u00fcr m\u00f6glich. Auf ein genaues Datum, wann es so weit sein werde, wolle er sich jedoch nicht festlegen. Nachricht lesen<\/p>\n","protected":false},"author":4,"featured_media":0,"comment_status":"closed","ping_status":"open","sticky":false,"template":"","format":"standard","meta":{"footnotes":""},"categories":[2],"tags":[],"_links":{"self":[{"href":"https:\/\/www.diabsite.de\/diabetes-weblog\/wp-json\/wp\/v2\/posts\/6995"}],"collection":[{"href":"https:\/\/www.diabsite.de\/diabetes-weblog\/wp-json\/wp\/v2\/posts"}],"about":[{"href":"https:\/\/www.diabsite.de\/diabetes-weblog\/wp-json\/wp\/v2\/types\/post"}],"author":[{"embeddable":true,"href":"https:\/\/www.diabsite.de\/diabetes-weblog\/wp-json\/wp\/v2\/users\/4"}],"replies":[{"embeddable":true,"href":"https:\/\/www.diabsite.de\/diabetes-weblog\/wp-json\/wp\/v2\/comments?post=6995"}],"version-history":[{"count":2,"href":"https:\/\/www.diabsite.de\/diabetes-weblog\/wp-json\/wp\/v2\/posts\/6995\/revisions"}],"predecessor-version":[{"id":6997,"href":"https:\/\/www.diabsite.de\/diabetes-weblog\/wp-json\/wp\/v2\/posts\/6995\/revisions\/6997"}],"wp:attachment":[{"href":"https:\/\/www.diabsite.de\/diabetes-weblog\/wp-json\/wp\/v2\/media?parent=6995"}],"wp:term":[{"taxonomy":"category","embeddable":true,"href":"https:\/\/www.diabsite.de\/diabetes-weblog\/wp-json\/wp\/v2\/categories?post=6995"},{"taxonomy":"post_tag","embeddable":true,"href":"https:\/\/www.diabsite.de\/diabetes-weblog\/wp-json\/wp\/v2\/tags?post=6995"}],"curies":[{"name":"wp","href":"https:\/\/api.w.org\/{rel}","templated":true}]}}