{"id":6701,"date":"2009-12-02T10:02:17","date_gmt":"2009-12-02T09:02:17","guid":{"rendered":"http:\/\/www.diabsite.de\/diabetes-weblog\/?p=6701"},"modified":"2009-12-02T22:32:09","modified_gmt":"2009-12-02T21:32:09","slug":"eine-million-bayern-an-diabetes-mellitus-erkrankt","status":"publish","type":"post","link":"https:\/\/www.diabsite.de\/diabetes-weblog\/2009\/12\/02\/eine-million-bayern-an-diabetes-mellitus-erkrankt\/","title":{"rendered":"Eine Million Bayern an Diabetes mellitus erkrankt"},"content":{"rendered":"<p>Rund eine Million Menschen werden in Bayern wegen eines Diabetes mellitus behandelt. Die genauesten Zahlen, die je \u00fcber Diabetiker in Bayern ermittelt werden konnten, pr\u00e4sentierte am Montag Professor Hans Hauner auf der Tagung &#8222;Bayern gesund von Kopf bis Fu\u00df: Pr\u00e4vention, Gesundheitswirtschaft und Politik im Erfolgsdialog&#8220; im Bayerischen Landtag. Schirmherrin ist Landtagspr\u00e4sidentin Barbara Stamm. <a href=\"https:\/\/www.diabsite.de\/aktuelles\/nachrichten\/2009\/091202.html\" target=\"_blank\" class=\"ds\" title=\"zur Nachricht (neues Fenster)\">Nachricht lesen<\/a> <\/p>\n","protected":false},"excerpt":{"rendered":"<p>Rund eine Million Menschen werden in Bayern wegen eines Diabetes mellitus behandelt. Die genauesten Zahlen, die je \u00fcber Diabetiker in Bayern ermittelt werden konnten, pr\u00e4sentierte am Montag Professor Hans Hauner auf der Tagung &#8222;Bayern gesund von Kopf bis Fu\u00df: Pr\u00e4vention, Gesundheitswirtschaft und Politik im Erfolgsdialog&#8220; im Bayerischen Landtag. Schirmherrin ist Landtagspr\u00e4sidentin Barbara Stamm. Nachricht lesen<\/p>\n","protected":false},"author":4,"featured_media":0,"comment_status":"closed","ping_status":"open","sticky":false,"template":"","format":"standard","meta":{"footnotes":""},"categories":[2],"tags":[],"_links":{"self":[{"href":"https:\/\/www.diabsite.de\/diabetes-weblog\/wp-json\/wp\/v2\/posts\/6701"}],"collection":[{"href":"https:\/\/www.diabsite.de\/diabetes-weblog\/wp-json\/wp\/v2\/posts"}],"about":[{"href":"https:\/\/www.diabsite.de\/diabetes-weblog\/wp-json\/wp\/v2\/types\/post"}],"author":[{"embeddable":true,"href":"https:\/\/www.diabsite.de\/diabetes-weblog\/wp-json\/wp\/v2\/users\/4"}],"replies":[{"embeddable":true,"href":"https:\/\/www.diabsite.de\/diabetes-weblog\/wp-json\/wp\/v2\/comments?post=6701"}],"version-history":[{"count":4,"href":"https:\/\/www.diabsite.de\/diabetes-weblog\/wp-json\/wp\/v2\/posts\/6701\/revisions"}],"predecessor-version":[{"id":6710,"href":"https:\/\/www.diabsite.de\/diabetes-weblog\/wp-json\/wp\/v2\/posts\/6701\/revisions\/6710"}],"wp:attachment":[{"href":"https:\/\/www.diabsite.de\/diabetes-weblog\/wp-json\/wp\/v2\/media?parent=6701"}],"wp:term":[{"taxonomy":"category","embeddable":true,"href":"https:\/\/www.diabsite.de\/diabetes-weblog\/wp-json\/wp\/v2\/categories?post=6701"},{"taxonomy":"post_tag","embeddable":true,"href":"https:\/\/www.diabsite.de\/diabetes-weblog\/wp-json\/wp\/v2\/tags?post=6701"}],"curies":[{"name":"wp","href":"https:\/\/api.w.org\/{rel}","templated":true}]}}