{"id":6698,"date":"2009-12-01T12:52:23","date_gmt":"2009-12-01T11:52:23","guid":{"rendered":"http:\/\/www.diabsite.de\/diabetes-weblog\/?p=6698"},"modified":"2009-12-01T22:56:37","modified_gmt":"2009-12-01T21:56:37","slug":"diabetesde-startet-erlebniswoche-fur-kinder-mit-diabetes","status":"publish","type":"post","link":"https:\/\/www.diabsite.de\/diabetes-weblog\/2009\/12\/01\/diabetesde-startet-erlebniswoche-fur-kinder-mit-diabetes\/","title":{"rendered":"diabetesDE startet &#8222;Erlebniswoche f\u00fcr Kinder mit Diabetes&#8220;"},"content":{"rendered":"<p>In Zusammenarbeit mit der Bundesweiten F\u00f6rdergemeinschaft Junger Diabetiker e.V. (BFJD) bietet diabetesDE 2010 zum ersten Mal ein F\u00f6rderprojekt f\u00fcr Kinder mit Typ-1-Diabetes im Alter von 7 \u2013 12 Jahren an. In einer sogenannten Erlebniswoche werden die Kinder eine qualifizierte Schulung in Kombination mit Spiel und Spa\u00df und Teamgeist erhalten. <a href=\"https:\/\/www.diabsite.de\/aktuelles\/nachrichten\/2009\/091201.html\" target=\"_blank\" class=\"ds\" title=\"zur Nachricht (neues Fenster)\">Nachricht lesen<\/a> <\/p>\n","protected":false},"excerpt":{"rendered":"<p>In Zusammenarbeit mit der Bundesweiten F\u00f6rdergemeinschaft Junger Diabetiker e.V. (BFJD) bietet diabetesDE 2010 zum ersten Mal ein F\u00f6rderprojekt f\u00fcr Kinder mit Typ-1-Diabetes im Alter von 7 \u2013 12 Jahren an. In einer sogenannten Erlebniswoche werden die Kinder eine qualifizierte Schulung in Kombination mit Spiel und Spa\u00df und Teamgeist erhalten. Nachricht lesen<\/p>\n","protected":false},"author":4,"featured_media":0,"comment_status":"closed","ping_status":"open","sticky":false,"template":"","format":"standard","meta":{"footnotes":""},"categories":[2],"tags":[],"_links":{"self":[{"href":"https:\/\/www.diabsite.de\/diabetes-weblog\/wp-json\/wp\/v2\/posts\/6698"}],"collection":[{"href":"https:\/\/www.diabsite.de\/diabetes-weblog\/wp-json\/wp\/v2\/posts"}],"about":[{"href":"https:\/\/www.diabsite.de\/diabetes-weblog\/wp-json\/wp\/v2\/types\/post"}],"author":[{"embeddable":true,"href":"https:\/\/www.diabsite.de\/diabetes-weblog\/wp-json\/wp\/v2\/users\/4"}],"replies":[{"embeddable":true,"href":"https:\/\/www.diabsite.de\/diabetes-weblog\/wp-json\/wp\/v2\/comments?post=6698"}],"version-history":[{"count":2,"href":"https:\/\/www.diabsite.de\/diabetes-weblog\/wp-json\/wp\/v2\/posts\/6698\/revisions"}],"predecessor-version":[{"id":6700,"href":"https:\/\/www.diabsite.de\/diabetes-weblog\/wp-json\/wp\/v2\/posts\/6698\/revisions\/6700"}],"wp:attachment":[{"href":"https:\/\/www.diabsite.de\/diabetes-weblog\/wp-json\/wp\/v2\/media?parent=6698"}],"wp:term":[{"taxonomy":"category","embeddable":true,"href":"https:\/\/www.diabsite.de\/diabetes-weblog\/wp-json\/wp\/v2\/categories?post=6698"},{"taxonomy":"post_tag","embeddable":true,"href":"https:\/\/www.diabsite.de\/diabetes-weblog\/wp-json\/wp\/v2\/tags?post=6698"}],"curies":[{"name":"wp","href":"https:\/\/api.w.org\/{rel}","templated":true}]}}