{"id":62655,"date":"2026-04-29T11:54:03","date_gmt":"2026-04-29T09:54:03","guid":{"rendered":"https:\/\/www.diabsite.de\/diabetes-weblog\/?p=62655"},"modified":"2026-05-01T21:59:13","modified_gmt":"2026-05-01T19:59:13","slug":"fc-bundestag-gegen-fc-diabetologie","status":"publish","type":"post","link":"https:\/\/www.diabsite.de\/diabetes-weblog\/2026\/04\/29\/fc-bundestag-gegen-fc-diabetologie\/","title":{"rendered":"FC Bundestag gegen FC Diabetologie"},"content":{"rendered":"<h4>Mit Rudi V\u00f6ller als Unterst\u00fctzer f\u00fcr Diabetesaufkl\u00e4rung<\/h4>\n<p><a href=\"https:\/\/www.diabsite.de\/aktuelles\/nachrichten\/2026\/260429.html\" target=\"_blank\" class=\"ds\" title=\"zur Nachricht (neues Fenster)\" rel=\"noopener\"><img loading=\"lazy\" decoding=\"async\" src=\"https:\/\/www.diabsite.de\/aktuelles\/nachrichten\/2026\/260429.jpg\" class=\"alignright\" width=\"150\" height=\"69\" alt=\"FC Bundestag gegen FC Diabetologie.\"><\/a> Bereits zum 10. Mal treffen in Berlin am 19.&nbsp;Mai um 18.00&nbsp;Uhr der FC&nbsp;Bundestag und der FC&nbsp;Diabetologie aufeinander, um die Diabetesaufkl\u00e4rung in Deutschland voranzubringen. Zum Jubil\u00e4um, das unter der Schirmherrschaft von Bundestagspr\u00e4sidentin Julia Kl\u00f6ckner im kleinen Stadion des Friedrich-Ludwig-Jahn-Sportpark stattfindet, hat sich ein ganz besonderer Unterst\u00fctzer angesagt. DFB-Sportdirektor Rudi&nbsp;V\u00f6ller wird an der Seitenlinie verfolgen, welche Mannschaft dieses Mal die bessere Taktik hat. Er l\u00f6st damit ein Versprechen gegen\u00fcber seinem 2024 verstorbenen Freundes Christoph&nbsp;Daum ein, der bis zu seinem Tod ehrenamtlicher Trainer des FC&nbsp;Diabetologie war. V\u00f6ller sieht sein Engagement als Motivation f\u00fcr beide Mannschaften. Der FC&nbsp;Diabetologie, verst\u00e4rkt von Ex-Profis (u.a. Richard&nbsp;Golz und Christan&nbsp;Stuff) und Fu\u00dfball-Profi Sandra&nbsp;Starke (RB&nbsp;Leipzig), wird von Weltmeister Pierre Littbarski als Trainer taktisch eingestellt. Der FC&nbsp;Bundestag wird von Kapit\u00e4n Fritz G\u00fcntzler&nbsp;(CDU) aufs Feld gef\u00fchrt. In der sich an das Fu\u00dfballspiel anschlie\u00dfenden 3.&nbsp;Halbzeit wird auch mit Rudi V\u00f6ller das Thema diskutiert, inwieweit &#8222;Fu\u00dfball als Blaupause zur Pr\u00e4vention von Diabetes Typ&nbsp;2&#8220; dienen kann. <a href=\"https:\/\/www.diabsite.de\/aktuelles\/nachrichten\/2026\/260429.html\" target=\"_blank\" class=\"ds\" title=\"zur Nachricht (neues Fenster)\" rel=\"noopener\">Nachricht lesen<\/a><\/p>\n","protected":false},"excerpt":{"rendered":"<p>Mit Rudi V\u00f6ller als Unterst\u00fctzer f\u00fcr Diabetesaufkl\u00e4rung Bereits zum 10. Mal treffen in Berlin am 19.&nbsp;Mai um 18.00&nbsp;Uhr der FC&nbsp;Bundestag und der FC&nbsp;Diabetologie aufeinander, um die Diabetesaufkl\u00e4rung in Deutschland voranzubringen. Zum Jubil\u00e4um, das unter der Schirmherrschaft von Bundestagspr\u00e4sidentin Julia Kl\u00f6ckner im kleinen Stadion des Friedrich-Ludwig-Jahn-Sportpark stattfindet, hat sich ein ganz besonderer Unterst\u00fctzer angesagt. DFB-Sportdirektor Rudi&nbsp;V\u00f6ller [&hellip;]<\/p>\n","protected":false},"author":4,"featured_media":0,"comment_status":"open","ping_status":"open","sticky":false,"template":"","format":"standard","meta":{"footnotes":""},"categories":[2],"tags":[386,24,12184,908,11677,13654,11183],"_links":{"self":[{"href":"https:\/\/www.diabsite.de\/diabetes-weblog\/wp-json\/wp\/v2\/posts\/62655"}],"collection":[{"href":"https:\/\/www.diabsite.de\/diabetes-weblog\/wp-json\/wp\/v2\/posts"}],"about":[{"href":"https:\/\/www.diabsite.de\/diabetes-weblog\/wp-json\/wp\/v2\/types\/post"}],"author":[{"embeddable":true,"href":"https:\/\/www.diabsite.de\/diabetes-weblog\/wp-json\/wp\/v2\/users\/4"}],"replies":[{"embeddable":true,"href":"https:\/\/www.diabsite.de\/diabetes-weblog\/wp-json\/wp\/v2\/comments?post=62655"}],"version-history":[{"count":1,"href":"https:\/\/www.diabsite.de\/diabetes-weblog\/wp-json\/wp\/v2\/posts\/62655\/revisions"}],"predecessor-version":[{"id":62656,"href":"https:\/\/www.diabsite.de\/diabetes-weblog\/wp-json\/wp\/v2\/posts\/62655\/revisions\/62656"}],"wp:attachment":[{"href":"https:\/\/www.diabsite.de\/diabetes-weblog\/wp-json\/wp\/v2\/media?parent=62655"}],"wp:term":[{"taxonomy":"category","embeddable":true,"href":"https:\/\/www.diabsite.de\/diabetes-weblog\/wp-json\/wp\/v2\/categories?post=62655"},{"taxonomy":"post_tag","embeddable":true,"href":"https:\/\/www.diabsite.de\/diabetes-weblog\/wp-json\/wp\/v2\/tags?post=62655"}],"curies":[{"name":"wp","href":"https:\/\/api.w.org\/{rel}","templated":true}]}}