{"id":62430,"date":"2026-01-15T15:39:39","date_gmt":"2026-01-15T14:39:39","guid":{"rendered":"https:\/\/www.diabsite.de\/diabetes-weblog\/?p=62430"},"modified":"2026-01-16T20:47:07","modified_gmt":"2026-01-16T19:47:07","slug":"dank-2026-muss-das-jahr-der-praevention-werden","status":"publish","type":"post","link":"https:\/\/www.diabsite.de\/diabetes-weblog\/2026\/01\/15\/dank-2026-muss-das-jahr-der-praevention-werden\/","title":{"rendered":"DANK: 2026 muss das Jahr der Pr\u00e4vention werden!"},"content":{"rendered":"<h4>Politik darf  nicht l\u00e4nger verschleppen<\/h4>\n<p><a href=\"https:\/\/www.diabsite.de\/aktuelles\/nachrichten\/2026\/260115.html\" target=\"_blank\" class=\"ds\" title=\"zur Nachricht (neues Fenster)\" rel=\"noopener\"><img loading=\"lazy\" decoding=\"async\" src=\"https:\/\/www.diabsite.de\/aktuelles\/nachrichten\/2026\/260115.jpg\" class=\"alignright\" width=\"120\" height=\"165\" alt=\"Barbara Bitzer\"><\/a> Mit dem Start der Gr\u00fcnen Woche am morgigen Freitag appelliert das Wissenschaftsb\u00fcndnis Deutsche Allianz Nicht\u00fcbertragbare Krankheiten&nbsp;(DANK) erneut an die Politik, die wirksame Pr\u00e4vention von nicht\u00fcbertragbaren Krankheiten nicht zu verschleppen. <a href=\"https:\/\/www.diabsite.de\/aktuelles\/nachrichten\/2026\/260115.html\" target=\"_blank\" class=\"ds\" title=\"zur Nachricht (neues Fenster)\" rel=\"noopener\">Nachricht lesen<\/a><\/p>\n","protected":false},"excerpt":{"rendered":"<p>Politik darf nicht l\u00e4nger verschleppen Mit dem Start der Gr\u00fcnen Woche am morgigen Freitag appelliert das Wissenschaftsb\u00fcndnis Deutsche Allianz Nicht\u00fcbertragbare Krankheiten&nbsp;(DANK) erneut an die Politik, die wirksame Pr\u00e4vention von nicht\u00fcbertragbaren Krankheiten nicht zu verschleppen. Nachricht lesen<\/p>\n","protected":false},"author":4,"featured_media":0,"comment_status":"open","ping_status":"open","sticky":false,"template":"","format":"standard","meta":{"footnotes":""},"categories":[2],"tags":[24,13549,11420,13548],"_links":{"self":[{"href":"https:\/\/www.diabsite.de\/diabetes-weblog\/wp-json\/wp\/v2\/posts\/62430"}],"collection":[{"href":"https:\/\/www.diabsite.de\/diabetes-weblog\/wp-json\/wp\/v2\/posts"}],"about":[{"href":"https:\/\/www.diabsite.de\/diabetes-weblog\/wp-json\/wp\/v2\/types\/post"}],"author":[{"embeddable":true,"href":"https:\/\/www.diabsite.de\/diabetes-weblog\/wp-json\/wp\/v2\/users\/4"}],"replies":[{"embeddable":true,"href":"https:\/\/www.diabsite.de\/diabetes-weblog\/wp-json\/wp\/v2\/comments?post=62430"}],"version-history":[{"count":1,"href":"https:\/\/www.diabsite.de\/diabetes-weblog\/wp-json\/wp\/v2\/posts\/62430\/revisions"}],"predecessor-version":[{"id":62431,"href":"https:\/\/www.diabsite.de\/diabetes-weblog\/wp-json\/wp\/v2\/posts\/62430\/revisions\/62431"}],"wp:attachment":[{"href":"https:\/\/www.diabsite.de\/diabetes-weblog\/wp-json\/wp\/v2\/media?parent=62430"}],"wp:term":[{"taxonomy":"category","embeddable":true,"href":"https:\/\/www.diabsite.de\/diabetes-weblog\/wp-json\/wp\/v2\/categories?post=62430"},{"taxonomy":"post_tag","embeddable":true,"href":"https:\/\/www.diabsite.de\/diabetes-weblog\/wp-json\/wp\/v2\/tags?post=62430"}],"curies":[{"name":"wp","href":"https:\/\/api.w.org\/{rel}","templated":true}]}}