{"id":61988,"date":"2025-09-28T14:25:35","date_gmt":"2025-09-28T12:25:35","guid":{"rendered":"https:\/\/www.diabsite.de\/diabetes-weblog\/?p=61988"},"modified":"2025-09-30T21:36:19","modified_gmt":"2025-09-30T19:36:19","slug":"tuerkei","status":"publish","type":"post","link":"https:\/\/www.diabsite.de\/diabetes-weblog\/2025\/09\/28\/tuerkei\/","title":{"rendered":"T\u00fcrkei:"},"content":{"rendered":"<h4>Europa-Zweiter bei Diabetes, Tendenz steigend<\/h4>\n<p><img loading=\"lazy\" decoding=\"async\" src=\"https:\/\/www.diabsite.de\/_img\/grafics\/diabetes-bunt.jpg\" class=\"alignright\" width=\"200\" height=\"127\" alt=\"Diabetes\"\/> &#8222;In der T\u00fcrkei gibt es nach Usbekistan die zweith\u00e4ufigsten Diabetesf\u00e4lle in Europa. Daten der OECD und des Gesundheitsministeriums zeigen gravierende Defizite bei Diagnose und Behandlung auf. Was steckt dahinter?&#8220; Ist es die unzureichende Behandlung, vor allem in einkommensschwachen Regionen? Sind es wirkungslose Kampagnen gegen Fettleibigkeit? Antworten auf diese Fragen finden Sie auf folgender Seite von der <a href=\"https:\/\/www.dw.com\/de\/t%C3%BCrkei-europa-zweiter-bei-diabetes-tendenz-steigend\/a-74109375\" target=\"_blank\" class=\"extern\" title=\"neues Fenster\" rel=\"noopener\">Deutschen Welle<\/a>. Diesen Beitrag hat das Diabetes-Portal DiabSite f\u00fcr Sie aus dem Netz gefischt.<\/p>\n","protected":false},"excerpt":{"rendered":"<p>Europa-Zweiter bei Diabetes, Tendenz steigend &#8222;In der T\u00fcrkei gibt es nach Usbekistan die zweith\u00e4ufigsten Diabetesf\u00e4lle in Europa. Daten der OECD und des Gesundheitsministeriums zeigen gravierende Defizite bei Diagnose und Behandlung auf. Was steckt dahinter?&#8220; Ist es die unzureichende Behandlung, vor allem in einkommensschwachen Regionen? Sind es wirkungslose Kampagnen gegen Fettleibigkeit? Antworten auf diese Fragen finden [&hellip;]<\/p>\n","protected":false},"author":4,"featured_media":0,"comment_status":"open","ping_status":"open","sticky":false,"template":"","format":"standard","meta":{"footnotes":""},"categories":[1],"tags":[164,12223,449,13417,11064,13416],"_links":{"self":[{"href":"https:\/\/www.diabsite.de\/diabetes-weblog\/wp-json\/wp\/v2\/posts\/61988"}],"collection":[{"href":"https:\/\/www.diabsite.de\/diabetes-weblog\/wp-json\/wp\/v2\/posts"}],"about":[{"href":"https:\/\/www.diabsite.de\/diabetes-weblog\/wp-json\/wp\/v2\/types\/post"}],"author":[{"embeddable":true,"href":"https:\/\/www.diabsite.de\/diabetes-weblog\/wp-json\/wp\/v2\/users\/4"}],"replies":[{"embeddable":true,"href":"https:\/\/www.diabsite.de\/diabetes-weblog\/wp-json\/wp\/v2\/comments?post=61988"}],"version-history":[{"count":1,"href":"https:\/\/www.diabsite.de\/diabetes-weblog\/wp-json\/wp\/v2\/posts\/61988\/revisions"}],"predecessor-version":[{"id":61989,"href":"https:\/\/www.diabsite.de\/diabetes-weblog\/wp-json\/wp\/v2\/posts\/61988\/revisions\/61989"}],"wp:attachment":[{"href":"https:\/\/www.diabsite.de\/diabetes-weblog\/wp-json\/wp\/v2\/media?parent=61988"}],"wp:term":[{"taxonomy":"category","embeddable":true,"href":"https:\/\/www.diabsite.de\/diabetes-weblog\/wp-json\/wp\/v2\/categories?post=61988"},{"taxonomy":"post_tag","embeddable":true,"href":"https:\/\/www.diabsite.de\/diabetes-weblog\/wp-json\/wp\/v2\/tags?post=61988"}],"curies":[{"name":"wp","href":"https:\/\/api.w.org\/{rel}","templated":true}]}}