{"id":61592,"date":"2025-06-10T13:09:00","date_gmt":"2025-06-10T11:09:00","guid":{"rendered":"https:\/\/www.diabsite.de\/diabetes-weblog\/?p=61592"},"modified":"2025-06-13T22:25:13","modified_gmt":"2025-06-13T20:25:13","slug":"ausgepraegter-insulinmangel-fehlende-insulinresistenz","status":"publish","type":"post","link":"https:\/\/www.diabsite.de\/diabetes-weblog\/2025\/06\/10\/ausgepraegter-insulinmangel-fehlende-insulinresistenz\/","title":{"rendered":"Ausgepr\u00e4gter Insulinmangel, fehlende Insulinresistenz"},"content":{"rendered":"<h4>Typ-5-Diabetes als eigenst\u00e4ndige Form anerkannt<\/h4>\n<p><img loading=\"lazy\" decoding=\"async\" src=\"https:\/\/www.diabsite.de\/_img\/grafics\/diabetes-typ-5.jpg\" class=\"alignright\" width=\"200\" height=\"127\" alt=\"Diabetes Typ 5\"\/> &#8222;Die Internationale Diabetes-F\u00f6deration&nbsp;(IDF) reagiert auf eine bisher vernachl\u00e4ssigte Form der Stoffwechselerkrankung: Auf dem Welt-Diabetes-Kongress&nbsp;2025 k\u00fcndigte sie die Gr\u00fcndung einer Arbeitsgruppe f\u00fcr Typ-5-Diabetes an. Diese selten beachtete Diabetesform tritt vor allem bei unterern\u00e4hrten Jugendlichen in \u00e4rmeren Regionen auf und wurde erst k\u00fcrzlich als eigenst\u00e4ndig anerkannt. Ziel der Initiative ist es, weltweit g\u00fcltige Diagnosekriterien zu entwickeln und die medizinische Versorgung zu verbessern.&#8220; Mehr erfahren Sie auf der Website von <a href=\"https:\/\/www.apotheke-adhoc.de\/nachrichten\/detail\/pharmazie\/typ-5-diabetes-als-eigenstaendige-form-anerkannt\/\" target=\"_blank\" class=\"extern\" title=\"neues Fenster\" rel=\"noopener\">apotheke&nbsp;adhoc<\/a>. Diesen Beitrag hat das <a href=\"https:\/\/www.diabsite.de\/index.html#diabetes-typ-5\" target=\"_blank\" class=\"ds\" title=\"neues Fenster\" rel=\"noopener\">Diabetes-Portal DiabSite<\/a> f\u00fcr Sie aus dem Netz gefischt.<\/p>\n","protected":false},"excerpt":{"rendered":"<p>Typ-5-Diabetes als eigenst\u00e4ndige Form anerkannt &#8222;Die Internationale Diabetes-F\u00f6deration&nbsp;(IDF) reagiert auf eine bisher vernachl\u00e4ssigte Form der Stoffwechselerkrankung: Auf dem Welt-Diabetes-Kongress&nbsp;2025 k\u00fcndigte sie die Gr\u00fcndung einer Arbeitsgruppe f\u00fcr Typ-5-Diabetes an. Diese selten beachtete Diabetesform tritt vor allem bei unterern\u00e4hrten Jugendlichen in \u00e4rmeren Regionen auf und wurde erst k\u00fcrzlich als eigenst\u00e4ndig anerkannt. Ziel der Initiative ist es, weltweit [&hellip;]<\/p>\n","protected":false},"author":4,"featured_media":0,"comment_status":"open","ping_status":"open","sticky":false,"template":"","format":"standard","meta":{"footnotes":""},"categories":[1],"tags":[13167,13250,2585,13251],"_links":{"self":[{"href":"https:\/\/www.diabsite.de\/diabetes-weblog\/wp-json\/wp\/v2\/posts\/61592"}],"collection":[{"href":"https:\/\/www.diabsite.de\/diabetes-weblog\/wp-json\/wp\/v2\/posts"}],"about":[{"href":"https:\/\/www.diabsite.de\/diabetes-weblog\/wp-json\/wp\/v2\/types\/post"}],"author":[{"embeddable":true,"href":"https:\/\/www.diabsite.de\/diabetes-weblog\/wp-json\/wp\/v2\/users\/4"}],"replies":[{"embeddable":true,"href":"https:\/\/www.diabsite.de\/diabetes-weblog\/wp-json\/wp\/v2\/comments?post=61592"}],"version-history":[{"count":2,"href":"https:\/\/www.diabsite.de\/diabetes-weblog\/wp-json\/wp\/v2\/posts\/61592\/revisions"}],"predecessor-version":[{"id":61594,"href":"https:\/\/www.diabsite.de\/diabetes-weblog\/wp-json\/wp\/v2\/posts\/61592\/revisions\/61594"}],"wp:attachment":[{"href":"https:\/\/www.diabsite.de\/diabetes-weblog\/wp-json\/wp\/v2\/media?parent=61592"}],"wp:term":[{"taxonomy":"category","embeddable":true,"href":"https:\/\/www.diabsite.de\/diabetes-weblog\/wp-json\/wp\/v2\/categories?post=61592"},{"taxonomy":"post_tag","embeddable":true,"href":"https:\/\/www.diabsite.de\/diabetes-weblog\/wp-json\/wp\/v2\/tags?post=61592"}],"curies":[{"name":"wp","href":"https:\/\/api.w.org\/{rel}","templated":true}]}}