{"id":61536,"date":"2025-05-29T18:44:24","date_gmt":"2025-05-29T16:44:24","guid":{"rendered":"https:\/\/www.diabsite.de\/diabetes-weblog\/?p=61536"},"modified":"2025-05-29T22:49:49","modified_gmt":"2025-05-29T20:49:49","slug":"vdek-zur-patientensteuerung","status":"publish","type":"post","link":"https:\/\/www.diabsite.de\/diabetes-weblog\/2025\/05\/29\/vdek-zur-patientensteuerung\/","title":{"rendered":"vdek zur Patientensteuerung"},"content":{"rendered":"<h4>Flexibles Ersatzkassenkonzept &#8222;Pers\u00f6nliches \u00c4rzteteam&#8220; ist sinnvolle Ausgestaltung der Koalitionspl\u00e4ne<\/h4>\n<p>Anl\u00e4sslich des 129. Deutschen \u00c4rztetages betont der Verband der Ersatzkassen&nbsp;e.&nbsp;V.&nbsp;(vdek) die Notwendigkeit einer guten Patientensteuerung in der ambulanten Versorgung. &#8222;Patientinnen und Patienten brauchen mehr Orientierung und Steuerung in der Versorgung, verkn\u00fcpft mit einem guten Terminmanagement und einer Versorgung am richtigen Behandlungsort&#8220;, so Ulrike Elsner, Vorstandsvorsitzende des vdek. &#8222;F\u00fcr die Ausgestaltung eines Prim\u00e4rarztsystems haben wir das Konzept &#8218;Pers\u00f6nliches \u00c4rzteteam&#8216; entwickelt.&#8220; <a href=\"https:\/\/www.diabsite.de\/aktuelles\/nachrichten\/2025\/250529.html\" target=\"_blank\" class=\"ds\" title=\"zur Nachricht (neues Fenster)\" rel=\"noopener\">Nachricht lesen<\/a><\/p>\n","protected":false},"excerpt":{"rendered":"<p>Flexibles Ersatzkassenkonzept &#8222;Pers\u00f6nliches \u00c4rzteteam&#8220; ist sinnvolle Ausgestaltung der Koalitionspl\u00e4ne Anl\u00e4sslich des 129. Deutschen \u00c4rztetages betont der Verband der Ersatzkassen&nbsp;e.&nbsp;V.&nbsp;(vdek) die Notwendigkeit einer guten Patientensteuerung in der ambulanten Versorgung. &#8222;Patientinnen und Patienten brauchen mehr Orientierung und Steuerung in der Versorgung, verkn\u00fcpft mit einem guten Terminmanagement und einer Versorgung am richtigen Behandlungsort&#8220;, so Ulrike Elsner, Vorstandsvorsitzende des [&hellip;]<\/p>\n","protected":false},"author":4,"featured_media":0,"comment_status":"open","ping_status":"open","sticky":false,"template":"","format":"standard","meta":{"footnotes":""},"categories":[2],"tags":[13230,13229,13231,723],"_links":{"self":[{"href":"https:\/\/www.diabsite.de\/diabetes-weblog\/wp-json\/wp\/v2\/posts\/61536"}],"collection":[{"href":"https:\/\/www.diabsite.de\/diabetes-weblog\/wp-json\/wp\/v2\/posts"}],"about":[{"href":"https:\/\/www.diabsite.de\/diabetes-weblog\/wp-json\/wp\/v2\/types\/post"}],"author":[{"embeddable":true,"href":"https:\/\/www.diabsite.de\/diabetes-weblog\/wp-json\/wp\/v2\/users\/4"}],"replies":[{"embeddable":true,"href":"https:\/\/www.diabsite.de\/diabetes-weblog\/wp-json\/wp\/v2\/comments?post=61536"}],"version-history":[{"count":1,"href":"https:\/\/www.diabsite.de\/diabetes-weblog\/wp-json\/wp\/v2\/posts\/61536\/revisions"}],"predecessor-version":[{"id":61537,"href":"https:\/\/www.diabsite.de\/diabetes-weblog\/wp-json\/wp\/v2\/posts\/61536\/revisions\/61537"}],"wp:attachment":[{"href":"https:\/\/www.diabsite.de\/diabetes-weblog\/wp-json\/wp\/v2\/media?parent=61536"}],"wp:term":[{"taxonomy":"category","embeddable":true,"href":"https:\/\/www.diabsite.de\/diabetes-weblog\/wp-json\/wp\/v2\/categories?post=61536"},{"taxonomy":"post_tag","embeddable":true,"href":"https:\/\/www.diabsite.de\/diabetes-weblog\/wp-json\/wp\/v2\/tags?post=61536"}],"curies":[{"name":"wp","href":"https:\/\/api.w.org\/{rel}","templated":true}]}}