{"id":60975,"date":"2025-01-23T20:45:58","date_gmt":"2025-01-23T19:45:58","guid":{"rendered":"https:\/\/www.diabsite.de\/diabetes-weblog\/?p=60975"},"modified":"2025-01-23T22:52:20","modified_gmt":"2025-01-23T21:52:20","slug":"diatec-2025-gestartet","status":"publish","type":"post","link":"https:\/\/www.diabsite.de\/diabetes-weblog\/2025\/01\/23\/diatec-2025-gestartet\/","title":{"rendered":"diatec 2025 gestartet"},"content":{"rendered":"<p><img loading=\"lazy\" decoding=\"async\" src=\"https:\/\/diabsite.de\/diabetes-weblog\/wp-content\/images\/2025\/250123-helga-diatec.jpg\" width=\"200\" height=\"128\" class=\"alignright\" alt=\"Helga auf der diatec\"> Das Diabetes-Portal DiabSite ist f\u00fcr Sie nat\u00fcrlich vor Ort. Drei Tage Fortbildung in Sachen Diabetes-Technologie f\u00fcr sogenannte Health Care Professionals, sprich \u00c4rztinnen und \u00c4rzte sowie Diabetesberater\/innen. Das Motto der diesj\u00e4hrigen diatec lautet: &#8222;Time for&nbsp;2&#8220;. Und das ist neu. W\u00e4hrend Diabetes-Technologie bei Menschen mit Typ-1-Diabetes zum Standard geworden ist, spielt sie jetzt auch beim Typ-2-Diabetes eine rasant wachsende Rolle. Wie sinnvoll sind Smart-Pens, CGM- oder gar AID-Systeme im Rahmen der Therapie von Typ-2-Diabetikern? Diese Frage diskutieren Experten in diesen Tagen in Berlin. Wir werden berichten.<\/p>\n","protected":false},"excerpt":{"rendered":"<p>Das Diabetes-Portal DiabSite ist f\u00fcr Sie nat\u00fcrlich vor Ort. Drei Tage Fortbildung in Sachen Diabetes-Technologie f\u00fcr sogenannte Health Care Professionals, sprich \u00c4rztinnen und \u00c4rzte sowie Diabetesberater\/innen. Das Motto der diesj\u00e4hrigen diatec lautet: &#8222;Time for&nbsp;2&#8220;. Und das ist neu. W\u00e4hrend Diabetes-Technologie bei Menschen mit Typ-1-Diabetes zum Standard geworden ist, spielt sie jetzt auch beim Typ-2-Diabetes eine [&hellip;]<\/p>\n","protected":false},"author":4,"featured_media":0,"comment_status":"open","ping_status":"open","sticky":false,"template":"","format":"standard","meta":{"footnotes":""},"categories":[1],"tags":[896,4572,13003,1193,13004],"_links":{"self":[{"href":"https:\/\/www.diabsite.de\/diabetes-weblog\/wp-json\/wp\/v2\/posts\/60975"}],"collection":[{"href":"https:\/\/www.diabsite.de\/diabetes-weblog\/wp-json\/wp\/v2\/posts"}],"about":[{"href":"https:\/\/www.diabsite.de\/diabetes-weblog\/wp-json\/wp\/v2\/types\/post"}],"author":[{"embeddable":true,"href":"https:\/\/www.diabsite.de\/diabetes-weblog\/wp-json\/wp\/v2\/users\/4"}],"replies":[{"embeddable":true,"href":"https:\/\/www.diabsite.de\/diabetes-weblog\/wp-json\/wp\/v2\/comments?post=60975"}],"version-history":[{"count":1,"href":"https:\/\/www.diabsite.de\/diabetes-weblog\/wp-json\/wp\/v2\/posts\/60975\/revisions"}],"predecessor-version":[{"id":60976,"href":"https:\/\/www.diabsite.de\/diabetes-weblog\/wp-json\/wp\/v2\/posts\/60975\/revisions\/60976"}],"wp:attachment":[{"href":"https:\/\/www.diabsite.de\/diabetes-weblog\/wp-json\/wp\/v2\/media?parent=60975"}],"wp:term":[{"taxonomy":"category","embeddable":true,"href":"https:\/\/www.diabsite.de\/diabetes-weblog\/wp-json\/wp\/v2\/categories?post=60975"},{"taxonomy":"post_tag","embeddable":true,"href":"https:\/\/www.diabsite.de\/diabetes-weblog\/wp-json\/wp\/v2\/tags?post=60975"}],"curies":[{"name":"wp","href":"https:\/\/api.w.org\/{rel}","templated":true}]}}