{"id":60679,"date":"2024-10-28T10:59:49","date_gmt":"2024-10-28T09:59:49","guid":{"rendered":"https:\/\/www.diabsite.de\/diabetes-weblog\/?p=60679"},"modified":"2024-10-29T20:08:28","modified_gmt":"2024-10-29T19:08:28","slug":"aussage-lauterbachs-zur-beitragssatzentwicklung","status":"publish","type":"post","link":"https:\/\/www.diabsite.de\/diabetes-weblog\/2024\/10\/28\/aussage-lauterbachs-zur-beitragssatzentwicklung\/","title":{"rendered":"Aussage Lauterbachs zur Beitragssatzentwicklung"},"content":{"rendered":"<h4>Ulrike Elsner: Konsolidierung der GKV-Finanzen nicht in Sicht<\/h4>\n<p><a href=\"https:\/\/www.diabsite.de\/aktuelles\/nachrichten\/2024\/241028.html\" target=\"_blank\" class=\"ds\" title=\"zur Nachricht (neues Fenster)\" rel=\"noopener noreferrer\"><img loading=\"lazy\" decoding=\"async\" src=\"https:\/\/www.diabsite.de\/aktuelles\/nachrichten\/2024\/241028.jpg\" class=\"alignright\" width=\"200\" height=\"215\" alt=\"Bundesgesundheitsminister Karl Lauternach\"><\/a> Anl\u00e4sslich der bevorstehenden Erh\u00f6hung des durchschnittlichen Zusatzbeitragssatzes f\u00fcr gesetzlich Krankenversicherte im Jahr&nbsp;2025 um voraussichtlich 0,8&nbsp;Prozentpunkte gab Gesundheitsminister Prof.&nbsp;Lauterbach der &#8222;Bild&#8220;-Zeitung am Wochenende ein Interview. Demnach w\u00fcrden die Krankenkassenbeitr\u00e4ge nach 2025 nicht weiter steigen. Dazu Ulrike Elsner, Vorstandsvorsitzende des Verbandes der Ersatzkassen&nbsp;e.&nbsp;V.&nbsp;(vdek): <a href=\"https:\/\/www.diabsite.de\/aktuelles\/nachrichten\/2024\/241028.html\" target=\"_blank\" class=\"ds\" title=\"zur Nachricht (neues Fenster)\" rel=\"noopener noreferrer\">Nachricht lesen<\/a><\/p>\n","protected":false},"excerpt":{"rendered":"<p>Ulrike Elsner: Konsolidierung der GKV-Finanzen nicht in Sicht Anl\u00e4sslich der bevorstehenden Erh\u00f6hung des durchschnittlichen Zusatzbeitragssatzes f\u00fcr gesetzlich Krankenversicherte im Jahr&nbsp;2025 um voraussichtlich 0,8&nbsp;Prozentpunkte gab Gesundheitsminister Prof.&nbsp;Lauterbach der &#8222;Bild&#8220;-Zeitung am Wochenende ein Interview. Demnach w\u00fcrden die Krankenkassenbeitr\u00e4ge nach 2025 nicht weiter steigen. Dazu Ulrike Elsner, Vorstandsvorsitzende des Verbandes der Ersatzkassen&nbsp;e.&nbsp;V.&nbsp;(vdek): Nachricht lesen<\/p>\n","protected":false},"author":4,"featured_media":0,"comment_status":"open","ping_status":"open","sticky":false,"template":"","format":"standard","meta":{"footnotes":""},"categories":[2],"tags":[12877,11682,9850,12112,12878,3359],"_links":{"self":[{"href":"https:\/\/www.diabsite.de\/diabetes-weblog\/wp-json\/wp\/v2\/posts\/60679"}],"collection":[{"href":"https:\/\/www.diabsite.de\/diabetes-weblog\/wp-json\/wp\/v2\/posts"}],"about":[{"href":"https:\/\/www.diabsite.de\/diabetes-weblog\/wp-json\/wp\/v2\/types\/post"}],"author":[{"embeddable":true,"href":"https:\/\/www.diabsite.de\/diabetes-weblog\/wp-json\/wp\/v2\/users\/4"}],"replies":[{"embeddable":true,"href":"https:\/\/www.diabsite.de\/diabetes-weblog\/wp-json\/wp\/v2\/comments?post=60679"}],"version-history":[{"count":2,"href":"https:\/\/www.diabsite.de\/diabetes-weblog\/wp-json\/wp\/v2\/posts\/60679\/revisions"}],"predecessor-version":[{"id":60683,"href":"https:\/\/www.diabsite.de\/diabetes-weblog\/wp-json\/wp\/v2\/posts\/60679\/revisions\/60683"}],"wp:attachment":[{"href":"https:\/\/www.diabsite.de\/diabetes-weblog\/wp-json\/wp\/v2\/media?parent=60679"}],"wp:term":[{"taxonomy":"category","embeddable":true,"href":"https:\/\/www.diabsite.de\/diabetes-weblog\/wp-json\/wp\/v2\/categories?post=60679"},{"taxonomy":"post_tag","embeddable":true,"href":"https:\/\/www.diabsite.de\/diabetes-weblog\/wp-json\/wp\/v2\/tags?post=60679"}],"curies":[{"name":"wp","href":"https:\/\/api.w.org\/{rel}","templated":true}]}}