{"id":60505,"date":"2024-09-16T16:59:03","date_gmt":"2024-09-16T14:59:03","guid":{"rendered":"https:\/\/www.diabsite.de\/diabetes-weblog\/?p=60505"},"modified":"2024-09-16T21:07:32","modified_gmt":"2024-09-16T19:07:32","slug":"gemeinsam-fuer-diagnosesicherheit","status":"publish","type":"post","link":"https:\/\/www.diabsite.de\/diabetes-weblog\/2024\/09\/16\/gemeinsam-fuer-diagnosesicherheit\/","title":{"rendered":"Gemeinsam f\u00fcr Diagnosesicherheit"},"content":{"rendered":"<h4>Innovationsausschuss zum Welttag der Patientensicherheit<\/h4>\n<p>Anl\u00e4sslich des morgigen <a href=\"https:\/\/www.tag-der-patientensicherheit.de\/\" target=\"_blank\" class=\"extern\" title=\"neues Fenster\" rel=\"noopener\">Welttags der Patientensicherheit<\/a> unter dem Thema &#8222;Gemeinsam f\u00fcr Diagnosesicherheit&#8220; erkl\u00e4rt Prof. Josef Hecken, Vorsitzender des Innovationsausschusses beim Gemeinsamen Bundesausschuss: <a href=\"https:\/\/www.diabsite.de\/aktuelles\/nachrichten\/2024\/240916b.html\" target=\"_blank\" class=\"ds\" title=\"zur Nachricht (neues Fenster)\" rel=\"noopener noreferrer\">Nachricht lesen<\/a><\/p>\n","protected":false},"excerpt":{"rendered":"<p>Innovationsausschuss zum Welttag der Patientensicherheit Anl\u00e4sslich des morgigen Welttags der Patientensicherheit unter dem Thema &#8222;Gemeinsam f\u00fcr Diagnosesicherheit&#8220; erkl\u00e4rt Prof. Josef Hecken, Vorsitzender des Innovationsausschusses beim Gemeinsamen Bundesausschuss: Nachricht lesen<\/p>\n","protected":false},"author":4,"featured_media":0,"comment_status":"open","ping_status":"open","sticky":false,"template":"","format":"standard","meta":{"footnotes":""},"categories":[2],"tags":[12812,1780,12811,4825,9423],"_links":{"self":[{"href":"https:\/\/www.diabsite.de\/diabetes-weblog\/wp-json\/wp\/v2\/posts\/60505"}],"collection":[{"href":"https:\/\/www.diabsite.de\/diabetes-weblog\/wp-json\/wp\/v2\/posts"}],"about":[{"href":"https:\/\/www.diabsite.de\/diabetes-weblog\/wp-json\/wp\/v2\/types\/post"}],"author":[{"embeddable":true,"href":"https:\/\/www.diabsite.de\/diabetes-weblog\/wp-json\/wp\/v2\/users\/4"}],"replies":[{"embeddable":true,"href":"https:\/\/www.diabsite.de\/diabetes-weblog\/wp-json\/wp\/v2\/comments?post=60505"}],"version-history":[{"count":1,"href":"https:\/\/www.diabsite.de\/diabetes-weblog\/wp-json\/wp\/v2\/posts\/60505\/revisions"}],"predecessor-version":[{"id":60506,"href":"https:\/\/www.diabsite.de\/diabetes-weblog\/wp-json\/wp\/v2\/posts\/60505\/revisions\/60506"}],"wp:attachment":[{"href":"https:\/\/www.diabsite.de\/diabetes-weblog\/wp-json\/wp\/v2\/media?parent=60505"}],"wp:term":[{"taxonomy":"category","embeddable":true,"href":"https:\/\/www.diabsite.de\/diabetes-weblog\/wp-json\/wp\/v2\/categories?post=60505"},{"taxonomy":"post_tag","embeddable":true,"href":"https:\/\/www.diabsite.de\/diabetes-weblog\/wp-json\/wp\/v2\/tags?post=60505"}],"curies":[{"name":"wp","href":"https:\/\/api.w.org\/{rel}","templated":true}]}}