{"id":60489,"date":"2024-09-10T21:30:48","date_gmt":"2024-09-10T19:30:48","guid":{"rendered":"https:\/\/www.diabsite.de\/diabetes-weblog\/?p=60489"},"modified":"2024-09-10T21:30:48","modified_gmt":"2024-09-10T19:30:48","slug":"regulationsmechanismen-der-glukoseaufnahme-erforschen","status":"publish","type":"post","link":"https:\/\/www.diabsite.de\/diabetes-weblog\/2024\/09\/10\/regulationsmechanismen-der-glukoseaufnahme-erforschen\/","title":{"rendered":"Regulationsmechanismen der Glukoseaufnahme erforschen"},"content":{"rendered":"<h4>Neue therapeutische Ans\u00e4tze f\u00fcr die Behandlung von Diabetes Typ&nbsp;2 und Adipositas<\/h4>\n<p><a href=\"https:\/\/www.diabsite.de\/aktuelles\/nachrichten\/2024\/240910.html\" target=\"_blank\" class=\"ds\" title=\"zur Nachricht (neues Fenster)\" rel=\"noopener noreferrer\"><img loading=\"lazy\" decoding=\"async\" src=\"https:\/\/www.diabsite.de\/aktuelles\/nachrichten\/2024\/240910.jpg\" class=\"alignright\" width=\"200\" height=\"113\" alt=\"Heike Vogel und Jasmin Gaugel\"><\/a> Die Rolle des Adapterproteins Picalm bei der Entstehung der Alzheimer-Krankheit ist gut beschrieben. Forschende des Deutschen Instituts f\u00fcr Ern\u00e4hrungsforschung Potsdam-Rehbr\u00fccke&nbsp;(DIfE), des Deutschen Zentrums f\u00fcr Diabetesforschung&nbsp;(DZD), der ETH&nbsp;Z\u00fcrich und der Universit\u00e4t Cambridge haben nun erstmalig die Funktion von Picalm im wei\u00dfen Fettgewebe und dessen Bedeutung f\u00fcr die Stoffwechselgesundheit untersucht. Sie konnten zeigen, dass eine reduzierte Picalm-Expression die Insulinempfindlichkeit und den Glukosetransport in Fettzellen verbessert. Diese k\u00fcrzlich im Journal Molecular Metabolism ver\u00f6ffentlichten Ergebnisse k\u00f6nnten dazu beitragen, neue therapeutische Ans\u00e4tze f\u00fcr die Behandlung von Typ-2-Diabetes und Adipositas zu&nbsp;entwickeln. <a href=\"https:\/\/www.diabsite.de\/aktuelles\/nachrichten\/2024\/240910.html\" target=\"_blank\" class=\"ds\" title=\"zur Nachricht (neues Fenster)\" rel=\"noopener noreferrer\">Nachricht lesen<\/a><\/p>\n","protected":false},"excerpt":{"rendered":"<p>Neue therapeutische Ans\u00e4tze f\u00fcr die Behandlung von Diabetes Typ&nbsp;2 und Adipositas Die Rolle des Adapterproteins Picalm bei der Entstehung der Alzheimer-Krankheit ist gut beschrieben. Forschende des Deutschen Instituts f\u00fcr Ern\u00e4hrungsforschung Potsdam-Rehbr\u00fccke&nbsp;(DIfE), des Deutschen Zentrums f\u00fcr Diabetesforschung&nbsp;(DZD), der ETH&nbsp;Z\u00fcrich und der Universit\u00e4t Cambridge haben nun erstmalig die Funktion von Picalm im wei\u00dfen Fettgewebe und dessen Bedeutung [&hellip;]<\/p>\n","protected":false},"author":4,"featured_media":0,"comment_status":"open","ping_status":"open","sticky":false,"template":"","format":"standard","meta":{"footnotes":""},"categories":[2],"tags":[12800,50,1621,12798,12799],"_links":{"self":[{"href":"https:\/\/www.diabsite.de\/diabetes-weblog\/wp-json\/wp\/v2\/posts\/60489"}],"collection":[{"href":"https:\/\/www.diabsite.de\/diabetes-weblog\/wp-json\/wp\/v2\/posts"}],"about":[{"href":"https:\/\/www.diabsite.de\/diabetes-weblog\/wp-json\/wp\/v2\/types\/post"}],"author":[{"embeddable":true,"href":"https:\/\/www.diabsite.de\/diabetes-weblog\/wp-json\/wp\/v2\/users\/4"}],"replies":[{"embeddable":true,"href":"https:\/\/www.diabsite.de\/diabetes-weblog\/wp-json\/wp\/v2\/comments?post=60489"}],"version-history":[{"count":1,"href":"https:\/\/www.diabsite.de\/diabetes-weblog\/wp-json\/wp\/v2\/posts\/60489\/revisions"}],"predecessor-version":[{"id":60490,"href":"https:\/\/www.diabsite.de\/diabetes-weblog\/wp-json\/wp\/v2\/posts\/60489\/revisions\/60490"}],"wp:attachment":[{"href":"https:\/\/www.diabsite.de\/diabetes-weblog\/wp-json\/wp\/v2\/media?parent=60489"}],"wp:term":[{"taxonomy":"category","embeddable":true,"href":"https:\/\/www.diabsite.de\/diabetes-weblog\/wp-json\/wp\/v2\/categories?post=60489"},{"taxonomy":"post_tag","embeddable":true,"href":"https:\/\/www.diabsite.de\/diabetes-weblog\/wp-json\/wp\/v2\/tags?post=60489"}],"curies":[{"name":"wp","href":"https:\/\/api.w.org\/{rel}","templated":true}]}}