{"id":59547,"date":"2023-10-28T18:48:14","date_gmt":"2023-10-28T16:48:14","guid":{"rendered":"https:\/\/www.diabsite.de\/diabetes-weblog\/?p=59547"},"modified":"2023-10-28T20:56:14","modified_gmt":"2023-10-28T18:56:14","slug":"zeitumstellung-diabetes-und-der-beginn-der-winterzeit-2023","status":"publish","type":"post","link":"https:\/\/www.diabsite.de\/diabetes-weblog\/2023\/10\/28\/zeitumstellung-diabetes-und-der-beginn-der-winterzeit-2023\/","title":{"rendered":"Zeitumstellung: Diabetes und der Beginn der Winterzeit&nbsp;2023"},"content":{"rendered":"<p><img loading=\"lazy\" decoding=\"async\" class=\"alignright\" src=\"https:\/\/www.diabsite.de\/_img\/grafics\/zeitumstellung-winter.png\" width=\"200\" height=\"182\" alt=\"Zeitumstellung Winterzeit\"\/> Es ist wieder soweit: In der Nacht zum morgigen Sonntag endet die Sommerzeit. Die Uhren werden am fr\u00fchen Morgen um eine Stunde zur\u00fcckgestellt&nbsp;&#8211; von drei auf zwei Uhr. Dann gilt wieder die &#8222;normale&#8220; Mitteleurop\u00e4ische Zeit&nbsp;(MEZ). F\u00fcr viele Menschen hei\u00dft das, sie k\u00f6nnen eine Stunde l\u00e4nger schlafen. Andere, die noch nicht ganz in der digitalen Welt angekommen sind, m\u00fcssen vielleicht ebenso fr\u00fch aufstehen wie immer, weil sie Zeit f\u00fcr die Umstellung analoger Uhren und Ger\u00e4te ben\u00f6tigen. Vor allem Menschen mit Diabetes raten wir zur \u00dcberpr\u00fcfung und gegebenenfalls Anpassung der Uhrzeit in Blutzuckermessger\u00e4ten, Insulinpumpen und CGM-Systemen. W\u00e4hren Funkuhren und die meisten Computer sich automatisch umstellen, muss bei der Kaffemaschine mit Timer und der Zahnputzuhr vielleicht Hand angelegt werden. Diabetikerinnen und Diabetikern empfehlen wir in den kommenden Tagen eine h\u00e4ufigere Blutzucker- bzw. Glukosemessung, da auch der K\u00f6rper sich erst an die Zeitumstellung gew\u00f6hnen muss. Wir vom Diabetes-Portal DiabSite w\u00fcnschen Ihnen einen sch\u00f6nen Sonntag!<\/p>\n","protected":false},"excerpt":{"rendered":"<p>Es ist wieder soweit: In der Nacht zum morgigen Sonntag endet die Sommerzeit. Die Uhren werden am fr\u00fchen Morgen um eine Stunde zur\u00fcckgestellt&nbsp;&#8211; von drei auf zwei Uhr. Dann gilt wieder die &#8222;normale&#8220; Mitteleurop\u00e4ische Zeit&nbsp;(MEZ). F\u00fcr viele Menschen hei\u00dft das, sie k\u00f6nnen eine Stunde l\u00e4nger schlafen. Andere, die noch nicht ganz in der digitalen Welt [&hellip;]<\/p>\n","protected":false},"author":4,"featured_media":0,"comment_status":"open","ping_status":"open","sticky":false,"template":"","format":"standard","meta":{"footnotes":""},"categories":[1],"tags":[11509,24,30,870,852,12384,1141,1140,45],"_links":{"self":[{"href":"https:\/\/www.diabsite.de\/diabetes-weblog\/wp-json\/wp\/v2\/posts\/59547"}],"collection":[{"href":"https:\/\/www.diabsite.de\/diabetes-weblog\/wp-json\/wp\/v2\/posts"}],"about":[{"href":"https:\/\/www.diabsite.de\/diabetes-weblog\/wp-json\/wp\/v2\/types\/post"}],"author":[{"embeddable":true,"href":"https:\/\/www.diabsite.de\/diabetes-weblog\/wp-json\/wp\/v2\/users\/4"}],"replies":[{"embeddable":true,"href":"https:\/\/www.diabsite.de\/diabetes-weblog\/wp-json\/wp\/v2\/comments?post=59547"}],"version-history":[{"count":1,"href":"https:\/\/www.diabsite.de\/diabetes-weblog\/wp-json\/wp\/v2\/posts\/59547\/revisions"}],"predecessor-version":[{"id":59548,"href":"https:\/\/www.diabsite.de\/diabetes-weblog\/wp-json\/wp\/v2\/posts\/59547\/revisions\/59548"}],"wp:attachment":[{"href":"https:\/\/www.diabsite.de\/diabetes-weblog\/wp-json\/wp\/v2\/media?parent=59547"}],"wp:term":[{"taxonomy":"category","embeddable":true,"href":"https:\/\/www.diabsite.de\/diabetes-weblog\/wp-json\/wp\/v2\/categories?post=59547"},{"taxonomy":"post_tag","embeddable":true,"href":"https:\/\/www.diabsite.de\/diabetes-weblog\/wp-json\/wp\/v2\/tags?post=59547"}],"curies":[{"name":"wp","href":"https:\/\/api.w.org\/{rel}","templated":true}]}}