{"id":59503,"date":"2023-10-16T14:33:19","date_gmt":"2023-10-16T12:33:19","guid":{"rendered":"https:\/\/www.diabsite.de\/diabetes-weblog\/?p=59503"},"modified":"2023-10-16T22:14:49","modified_gmt":"2023-10-16T20:14:49","slug":"zwei-spendenprojekte-im-fokus","status":"publish","type":"post","link":"https:\/\/www.diabsite.de\/diabetes-weblog\/2023\/10\/16\/zwei-spendenprojekte-im-fokus\/","title":{"rendered":"Zwei Spendenprojekte im Fokus"},"content":{"rendered":"<h4>12. Diabetes-Charity-Gala w\u00fcrdigt Menschen und ihr Leben mit Diabetes<\/h4>\n<p><a href=\"https:\/\/www.diabsite.de\/aktuelles\/nachrichten\/2023\/231016.html\" target=\"_blank\" class=\"ds\" title=\"zur Nachricht (neues Fenster)\" rel=\"noopener noreferrer\"><img loading=\"lazy\" decoding=\"async\" src=\"https:\/\/www.diabsite.de\/aktuelles\/nachrichten\/2023\/231016.jpg\" class=\"alignright\" width=\"200\" height=\"196\" alt=\"Nicole Mattig-Fabian, Geschaftsf\u00fchrerin von diabetesDE\"><\/a> diabetesDE&nbsp;&#8211; Deutsche Diabetes-Hilfe richtet am 19.&nbsp;Oktober&nbsp;2023 im TIPI am Kanzleramt in Berlin die 12.&nbsp;Diabetes-Charity-Gala aus. Neben Politikern und Prominenten werden wieder viele Menschen mit Diabetes erwartet, die mit ihrer ganz pers\u00f6nlichen Geschichte zur Aufkl\u00e4rung \u00fcber die chronische Erkrankung Diabetes mellitus beitragen. Inklusive Dunkelziffer gibt es inzwischen 11&nbsp;Millionen Menschen mit Diabetes in Deutschland und jede Minute kommt eine Neuerkrankung hinzu. Die Gala r\u00fcckt aus diesem Grunde Diabetes mellitus einmal im Jahr in den besonderen Fokus der \u00d6ffentlichkeit. <img loading=\"lazy\" decoding=\"async\" src=\"https:\/\/www.diabsite.de\/aktuelles\/nachrichten\/2023\/231016-2.jpg\" class=\"alignleft\" width=\"200\" height=\"210\" alt=\"Dr. Jens Kr\u00f6ger, Vorsitzender von diabetesDE\"> Es werden in diesem Jahr Spenden f\u00fcr zwei karitative Spendenprojekte gesammelt. Als Promi-Paten haben die Moderatorinnen Vera Int-Veen, Annie Heger und Anastasia Zampounidis sowie der S\u00e4nger Samuel R\u00f6sch, die Schauspielerin Ina Paule Klink und Das Programm er\u00f6ffnet Paulina Behrendt mit einem Poetry&nbsp;Slam \u00fcber Diabetes,<br \/>\ngefolgt von der Key&nbsp;Note der Journalistin Helene Bubrowski&nbsp;(FAZ). Als Promi-Paten haben die Moderatorinnen Vera Int-Veen, Annie Heger und Anastasia Zampounidis sowie der S\u00e4nger Samuel R\u00f6sch, die Schauspielerin Ina Paule Klink und die Influencerin Lyn K\u00fcnstner zugesagt. <a href=\"https:\/\/www.diabsite.de\/aktuelles\/nachrichten\/2023\/231016.html\" target=\"_blank\" class=\"ds\" title=\"zur Nachricht (neues Fenster)\" rel=\"noopener noreferrer\">Nachricht lesen<\/a><\/p>\n","protected":false},"excerpt":{"rendered":"<p>12. Diabetes-Charity-Gala w\u00fcrdigt Menschen und ihr Leben mit Diabetes diabetesDE&nbsp;&#8211; Deutsche Diabetes-Hilfe richtet am 19.&nbsp;Oktober&nbsp;2023 im TIPI am Kanzleramt in Berlin die 12.&nbsp;Diabetes-Charity-Gala aus. Neben Politikern und Prominenten werden wieder viele Menschen mit Diabetes erwartet, die mit ihrer ganz pers\u00f6nlichen Geschichte zur Aufkl\u00e4rung \u00fcber die chronische Erkrankung Diabetes mellitus beitragen. Inklusive Dunkelziffer gibt es inzwischen [&hellip;]<\/p>\n","protected":false},"author":4,"featured_media":0,"comment_status":"open","ping_status":"open","sticky":false,"template":"","format":"standard","meta":{"footnotes":""},"categories":[2],"tags":[24,1040,2789,428],"_links":{"self":[{"href":"https:\/\/www.diabsite.de\/diabetes-weblog\/wp-json\/wp\/v2\/posts\/59503"}],"collection":[{"href":"https:\/\/www.diabsite.de\/diabetes-weblog\/wp-json\/wp\/v2\/posts"}],"about":[{"href":"https:\/\/www.diabsite.de\/diabetes-weblog\/wp-json\/wp\/v2\/types\/post"}],"author":[{"embeddable":true,"href":"https:\/\/www.diabsite.de\/diabetes-weblog\/wp-json\/wp\/v2\/users\/4"}],"replies":[{"embeddable":true,"href":"https:\/\/www.diabsite.de\/diabetes-weblog\/wp-json\/wp\/v2\/comments?post=59503"}],"version-history":[{"count":18,"href":"https:\/\/www.diabsite.de\/diabetes-weblog\/wp-json\/wp\/v2\/posts\/59503\/revisions"}],"predecessor-version":[{"id":59522,"href":"https:\/\/www.diabsite.de\/diabetes-weblog\/wp-json\/wp\/v2\/posts\/59503\/revisions\/59522"}],"wp:attachment":[{"href":"https:\/\/www.diabsite.de\/diabetes-weblog\/wp-json\/wp\/v2\/media?parent=59503"}],"wp:term":[{"taxonomy":"category","embeddable":true,"href":"https:\/\/www.diabsite.de\/diabetes-weblog\/wp-json\/wp\/v2\/categories?post=59503"},{"taxonomy":"post_tag","embeddable":true,"href":"https:\/\/www.diabsite.de\/diabetes-weblog\/wp-json\/wp\/v2\/tags?post=59503"}],"curies":[{"name":"wp","href":"https:\/\/api.w.org\/{rel}","templated":true}]}}