{"id":59392,"date":"2023-09-11T12:59:43","date_gmt":"2023-09-11T10:59:43","guid":{"rendered":"https:\/\/www.diabsite.de\/diabetes-weblog\/?p=59392"},"modified":"2023-09-11T23:03:56","modified_gmt":"2023-09-11T21:03:56","slug":"online-kampagne-inklusionstattausgrenzung","status":"publish","type":"post","link":"https:\/\/www.diabsite.de\/diabetes-weblog\/2023\/09\/11\/online-kampagne-inklusionstattausgrenzung\/","title":{"rendered":"Online-Kampagne #InklusionStattAusgrenzung"},"content":{"rendered":"<h4>Wissenschaftliche Allianz fordert den fl\u00e4chendeckenden Einsatz von Schulgesundheitsfachkr\u00e4ften<\/h4>\n<p><a href=\"https:\/\/www.diabsite.de\/aktuelles\/nachrichten\/2023\/230911.html\" target=\"_blank\" class=\"ds\" title=\"zur Nachricht (neues Fenster)\" rel=\"noopener noreferrer\"><img loading=\"lazy\" decoding=\"async\" src=\"https:\/\/www.diabsite.de\/aktuelles\/nachrichten\/2023\/230911.jpg\" class=\"alignright\" width=\"200\" height=\"127\" alt=\"Diabetes Typ 1\"><\/a> Immer mehr Kinder und Jugendliche leben mit psychischen und chronischen Erkrankungen. Sie ben\u00f6tigen h\u00e4ufig pflegerische oder medizinische Betreuung&nbsp;&#8211; auch in der Schule. Diese Unterst\u00fctzungsleistung k\u00f6nnte von Schulgesundheitsfachkr\u00e4ften \u00fcbernommen werden. Sie entlasten das Lehrpersonal, Eltern und Kinder, verbessern die Inklusion von chronisch erkrankten oder Kindern mit Behinderung und erh\u00f6hen die Gesundheitskompetenz an Schulen. Doch medizinisch geschultes Fachpersonal wird im aktuellen Schulsystem nicht finanziert. Um mehr \u00f6ffentliche Aufmerksamkeit auf den Bedarf von Schulgesundheitsfachkr\u00e4ften zu lenken, starten verschiedene Organisationen rund um den Weltkindertag am 20.&nbsp;September die Online-Kampagne #InklusionStattAusgrenzung. Sie wird organisiert von der Deutschen Diabetes Gesellschaft&nbsp;(DDG) gemeinsam mit ihrer AG&nbsp;P\u00e4diatrische Diabetologie&nbsp;(AGPD), diabetesDE&nbsp;&#8211; Deutsche Diabetes-Hilfe, der Deutschen Gesellschaft f\u00fcr Sozialp\u00e4diatrie und Jugendmedizin&nbsp;e.V.&nbsp;(DGSPJ), ACHSE&nbsp;e.&nbsp;V., Diabetes-Kids.de, dem Berufsverband Kinderkrankenpflege Deutschland&nbsp;e.&nbsp;V.&nbsp;(BeKD) und der Deutschen Gesellschaft f\u00fcr Kinder- und Jugendmedizin&nbsp;(DGKJ). <a href=\"https:\/\/www.diabsite.de\/aktuelles\/nachrichten\/2023\/230911.html\" target=\"_blank\" class=\"ds\" title=\"zur Nachricht (neues Fenster)\" rel=\"noopener noreferrer\">Nachricht lesen<\/a><\/p>\n","protected":false},"excerpt":{"rendered":"<p>Wissenschaftliche Allianz fordert den fl\u00e4chendeckenden Einsatz von Schulgesundheitsfachkr\u00e4ften Immer mehr Kinder und Jugendliche leben mit psychischen und chronischen Erkrankungen. Sie ben\u00f6tigen h\u00e4ufig pflegerische oder medizinische Betreuung&nbsp;&#8211; auch in der Schule. Diese Unterst\u00fctzungsleistung k\u00f6nnte von Schulgesundheitsfachkr\u00e4ften \u00fcbernommen werden. Sie entlasten das Lehrpersonal, Eltern und Kinder, verbessern die Inklusion von chronisch erkrankten oder Kindern mit Behinderung und [&hellip;]<\/p>\n","protected":false},"author":4,"featured_media":0,"comment_status":"open","ping_status":"open","sticky":false,"template":"","format":"standard","meta":{"footnotes":""},"categories":[2],"tags":[24,2279,374,122,11210,915],"_links":{"self":[{"href":"https:\/\/www.diabsite.de\/diabetes-weblog\/wp-json\/wp\/v2\/posts\/59392"}],"collection":[{"href":"https:\/\/www.diabsite.de\/diabetes-weblog\/wp-json\/wp\/v2\/posts"}],"about":[{"href":"https:\/\/www.diabsite.de\/diabetes-weblog\/wp-json\/wp\/v2\/types\/post"}],"author":[{"embeddable":true,"href":"https:\/\/www.diabsite.de\/diabetes-weblog\/wp-json\/wp\/v2\/users\/4"}],"replies":[{"embeddable":true,"href":"https:\/\/www.diabsite.de\/diabetes-weblog\/wp-json\/wp\/v2\/comments?post=59392"}],"version-history":[{"count":1,"href":"https:\/\/www.diabsite.de\/diabetes-weblog\/wp-json\/wp\/v2\/posts\/59392\/revisions"}],"predecessor-version":[{"id":59393,"href":"https:\/\/www.diabsite.de\/diabetes-weblog\/wp-json\/wp\/v2\/posts\/59392\/revisions\/59393"}],"wp:attachment":[{"href":"https:\/\/www.diabsite.de\/diabetes-weblog\/wp-json\/wp\/v2\/media?parent=59392"}],"wp:term":[{"taxonomy":"category","embeddable":true,"href":"https:\/\/www.diabsite.de\/diabetes-weblog\/wp-json\/wp\/v2\/categories?post=59392"},{"taxonomy":"post_tag","embeddable":true,"href":"https:\/\/www.diabsite.de\/diabetes-weblog\/wp-json\/wp\/v2\/tags?post=59392"}],"curies":[{"name":"wp","href":"https:\/\/api.w.org\/{rel}","templated":true}]}}