{"id":59338,"date":"2023-08-11T17:59:38","date_gmt":"2023-08-11T15:59:38","guid":{"rendered":"https:\/\/www.diabsite.de\/diabetes-weblog\/?p=59338"},"modified":"2023-08-15T20:08:13","modified_gmt":"2023-08-15T18:08:13","slug":"kinder-ueberzuckerungstag","status":"publish","type":"post","link":"https:\/\/www.diabsite.de\/diabetes-weblog\/2023\/08\/11\/kinder-ueberzuckerungstag\/","title":{"rendered":"Kinder-\u00dcberzuckerungstag"},"content":{"rendered":"<h4>foodwatch fordert wirksame Ma\u00dfnahmen gegen Fehlern\u00e4hrung bei Kindern<\/h4>\n<p><a href=\"https:\/\/www.diabsite.de\/aktuelles\/nachrichten\/2023\/230811.html\" target=\"_blank\" class=\"ds\" title=\"zur Nachricht (neues Fenster)\" rel=\"noopener noreferrer\"><img loading=\"lazy\" decoding=\"async\" src=\"https:\/\/www.diabsite.de\/aktuelles\/nachrichten\/2023\/230811.jpg\" class=\"alignright\" width=\"200\" height=\"216\" alt=\"Bundesern\u00e4hrungsminister Cem \u00d6zdemir\"><\/a> Die Verbraucherorganisation foodwatch hat anl\u00e4sslich des &#8222;Kinder-\u00dcberzuckerungstags&#8220; von der Ampel-Koalition deutlich mehr Anstrengungen im Kampf gegen Fehlern\u00e4hrung bei Kindern gefordert. Minderj\u00e4hrige \u00e4\u00dfen hierzulande mehr als doppelt so viele S\u00fc\u00dfigkeiten und Snacks, aber nicht mal halb so viel Obst und Gem\u00fcse wie empfohlen. Die Folgen seien teils starkes \u00dcbergewicht und im sp\u00e4teren Leben ern\u00e4hrungsbedingte Krankheiten wie Typ-2-Diabetes, Fettleber und Herz-Kreislauferkrankungen, so foodwatch. Die Verbraucherorganisation forderte die FDP-Parteispitze auf, die Pl\u00e4ne von Bundesern\u00e4hrungsminister Cem \u00d6zdemir zur Beschr\u00e4nkung der Junkfood-Werbung zu unterst\u00fctzen. Zudem m\u00fcsse die Bundesregierung eine Limo-Steuer nach dem Vorbild Gro\u00dfbritanniens einf\u00fchren und sich f\u00fcr verpflichtende Qualit\u00e4tsstandards in der Schul- und Kitaverpflegung stark machen. <a href=\"https:\/\/www.diabsite.de\/aktuelles\/nachrichten\/2023\/230811.html\" target=\"_blank\" class=\"ds\" title=\"zur Nachricht (neues Fenster)\" rel=\"noopener noreferrer\">Nachricht lesen<\/a><\/p>\n","protected":false},"excerpt":{"rendered":"<p>foodwatch fordert wirksame Ma\u00dfnahmen gegen Fehlern\u00e4hrung bei Kindern Die Verbraucherorganisation foodwatch hat anl\u00e4sslich des &#8222;Kinder-\u00dcberzuckerungstags&#8220; von der Ampel-Koalition deutlich mehr Anstrengungen im Kampf gegen Fehlern\u00e4hrung bei Kindern gefordert. Minderj\u00e4hrige \u00e4\u00dfen hierzulande mehr als doppelt so viele S\u00fc\u00dfigkeiten und Snacks, aber nicht mal halb so viel Obst und Gem\u00fcse wie empfohlen. Die Folgen seien teils starkes [&hellip;]<\/p>\n","protected":false},"author":4,"featured_media":0,"comment_status":"open","ping_status":"open","sticky":false,"template":"","format":"standard","meta":{"footnotes":""},"categories":[2],"tags":[12296,28,122,92,12297],"_links":{"self":[{"href":"https:\/\/www.diabsite.de\/diabetes-weblog\/wp-json\/wp\/v2\/posts\/59338"}],"collection":[{"href":"https:\/\/www.diabsite.de\/diabetes-weblog\/wp-json\/wp\/v2\/posts"}],"about":[{"href":"https:\/\/www.diabsite.de\/diabetes-weblog\/wp-json\/wp\/v2\/types\/post"}],"author":[{"embeddable":true,"href":"https:\/\/www.diabsite.de\/diabetes-weblog\/wp-json\/wp\/v2\/users\/4"}],"replies":[{"embeddable":true,"href":"https:\/\/www.diabsite.de\/diabetes-weblog\/wp-json\/wp\/v2\/comments?post=59338"}],"version-history":[{"count":1,"href":"https:\/\/www.diabsite.de\/diabetes-weblog\/wp-json\/wp\/v2\/posts\/59338\/revisions"}],"predecessor-version":[{"id":59339,"href":"https:\/\/www.diabsite.de\/diabetes-weblog\/wp-json\/wp\/v2\/posts\/59338\/revisions\/59339"}],"wp:attachment":[{"href":"https:\/\/www.diabsite.de\/diabetes-weblog\/wp-json\/wp\/v2\/media?parent=59338"}],"wp:term":[{"taxonomy":"category","embeddable":true,"href":"https:\/\/www.diabsite.de\/diabetes-weblog\/wp-json\/wp\/v2\/categories?post=59338"},{"taxonomy":"post_tag","embeddable":true,"href":"https:\/\/www.diabsite.de\/diabetes-weblog\/wp-json\/wp\/v2\/tags?post=59338"}],"curies":[{"name":"wp","href":"https:\/\/api.w.org\/{rel}","templated":true}]}}