{"id":59283,"date":"2023-07-25T16:37:31","date_gmt":"2023-07-25T14:37:31","guid":{"rendered":"https:\/\/www.diabsite.de\/diabetes-weblog\/?p=59283"},"modified":"2023-07-25T21:41:27","modified_gmt":"2023-07-25T19:41:27","slug":"neues-von-der-dexcom-deutschland-gmbh","status":"publish","type":"post","link":"https:\/\/www.diabsite.de\/diabetes-weblog\/2023\/07\/25\/neues-von-der-dexcom-deutschland-gmbh\/","title":{"rendered":"Neues von der Dexcom Deutschland&nbsp;GmbH"},"content":{"rendered":"<h4>Dexcom stellt den neuen Vizepr\u00e4sidenten f\u00fcr Deutschland, \u00d6sterreich, die Schweiz und Slowenien vor<\/h4>\n<p>DexCom, Inc. (Nasdaq: DXCM), ein weltweit f\u00fchrender Anbieter von Systemen zur kontinuierlichen Glukosemessung in Echtzeit (real-time Continuous Glucose Monitoring, rtCGM) f\u00fcr Menschen mit Diabetes, hat zum 01.&nbsp;Juni&nbsp;2023 Alexander Fr\u00f6hlich zum neuen Vice President f\u00fcr Deutschland, \u00d6sterreich, die Schweiz und Slowenien ernannt. <a href=\"https:\/\/www.diabsite.de\/aktuelles\/nachrichten\/2023\/230725.html\" target=\"_blank\" class=\"ds\" title=\"zur Nachricht (neues Fenster)\" rel=\"noopener noreferrer\">Nachricht lesen<\/a><\/p>\n","protected":false},"excerpt":{"rendered":"<p>Dexcom stellt den neuen Vizepr\u00e4sidenten f\u00fcr Deutschland, \u00d6sterreich, die Schweiz und Slowenien vor DexCom, Inc. (Nasdaq: DXCM), ein weltweit f\u00fchrender Anbieter von Systemen zur kontinuierlichen Glukosemessung in Echtzeit (real-time Continuous Glucose Monitoring, rtCGM) f\u00fcr Menschen mit Diabetes, hat zum 01.&nbsp;Juni&nbsp;2023 Alexander Fr\u00f6hlich zum neuen Vice President f\u00fcr Deutschland, \u00d6sterreich, die Schweiz und Slowenien ernannt. Nachricht [&hellip;]<\/p>\n","protected":false},"author":4,"featured_media":0,"comment_status":"open","ping_status":"open","sticky":false,"template":"","format":"standard","meta":{"footnotes":""},"categories":[2],"tags":[12273,6797,24,592,8260],"_links":{"self":[{"href":"https:\/\/www.diabsite.de\/diabetes-weblog\/wp-json\/wp\/v2\/posts\/59283"}],"collection":[{"href":"https:\/\/www.diabsite.de\/diabetes-weblog\/wp-json\/wp\/v2\/posts"}],"about":[{"href":"https:\/\/www.diabsite.de\/diabetes-weblog\/wp-json\/wp\/v2\/types\/post"}],"author":[{"embeddable":true,"href":"https:\/\/www.diabsite.de\/diabetes-weblog\/wp-json\/wp\/v2\/users\/4"}],"replies":[{"embeddable":true,"href":"https:\/\/www.diabsite.de\/diabetes-weblog\/wp-json\/wp\/v2\/comments?post=59283"}],"version-history":[{"count":1,"href":"https:\/\/www.diabsite.de\/diabetes-weblog\/wp-json\/wp\/v2\/posts\/59283\/revisions"}],"predecessor-version":[{"id":59284,"href":"https:\/\/www.diabsite.de\/diabetes-weblog\/wp-json\/wp\/v2\/posts\/59283\/revisions\/59284"}],"wp:attachment":[{"href":"https:\/\/www.diabsite.de\/diabetes-weblog\/wp-json\/wp\/v2\/media?parent=59283"}],"wp:term":[{"taxonomy":"category","embeddable":true,"href":"https:\/\/www.diabsite.de\/diabetes-weblog\/wp-json\/wp\/v2\/categories?post=59283"},{"taxonomy":"post_tag","embeddable":true,"href":"https:\/\/www.diabsite.de\/diabetes-weblog\/wp-json\/wp\/v2\/tags?post=59283"}],"curies":[{"name":"wp","href":"https:\/\/api.w.org\/{rel}","templated":true}]}}