{"id":59275,"date":"2023-07-21T16:41:00","date_gmt":"2023-07-21T14:41:00","guid":{"rendered":"https:\/\/www.diabsite.de\/diabetes-weblog\/?p=59275"},"modified":"2023-07-23T21:03:50","modified_gmt":"2023-07-23T19:03:50","slug":"zum-internationalen-tag-der-freundschaft","status":"publish","type":"post","link":"https:\/\/www.diabsite.de\/diabetes-weblog\/2023\/07\/21\/zum-internationalen-tag-der-freundschaft\/","title":{"rendered":"Zum Internationalen Tag der Freundschaft"},"content":{"rendered":"<h4>diabetesDE erweitert Kampangne &#8222;#SagEsLaut&#8220; um &#8222;#SagEsSolidarisch&#8220;<\/h4>\n<p>In Deutschland gibt es inklusive Dunkelziffer 11&nbsp;Millionen Menschen mit Diabetes, online w\u00e4chst diese Community seit einigen Jahren immer enger zusammen. Unter dem Hashtag #SagEsLaut wurden in den sozialen Medien&nbsp;2021 und 2022 verschiedene Aktionen durchgef\u00fchrt, die die Bed\u00fcrfnisse der Menschen mit Diabetes f\u00fcr eine bessere Versorgung und Akzeptanz in der Gesellschaft zum Ausdruck bringen und auf Themen wie Stigmatisierung hinweisen. Was als Kampagne f\u00fcr mehr Sichtbarkeit der Menschen mit Typ-2-Diabetes begann, ist in diesem Jahr auf alle Diabetestypen erweitert worden, weil auch Menschen mit Typ-1-Diabetes ihre Solidarit\u00e4t f\u00fcr die Kampagne zeigten. Daher ist der #SagEsSolidarisch hinzugekommen und erreichte im Fr\u00fchjahr eine Reichweite von 1,2&nbsp;Millionen. Nun geht die Kampagne zum Internationalen Tag der Freundschaft in die zweite Runde, denn Freundschaft ist eine wichtige St\u00fctze im Diabetesmanagement. In einem Video wird die Geschichte der beiden Freundinnen Freddie Sch\u00fcrheck&nbsp;(Typ&nbsp;1) und Kim Stoppert&nbsp;(Typ&nbsp;2) erz\u00e4hlt, die fast im selben Jahr ihre Diagnose erhielten und sich seitdem Halt geben bei allen Diabetesfragen. <a href=\"https:\/\/www.diabsite.de\/aktuelles\/nachrichten\/2023\/230721.html\" target=\"_blank\" class=\"ds\" title=\"zur Nachricht (neues Fenster)\" rel=\"noopener noreferrer\">Nachricht lesen<\/a><\/p>\n","protected":false},"excerpt":{"rendered":"<p>diabetesDE erweitert Kampangne &#8222;#SagEsLaut&#8220; um &#8222;#SagEsSolidarisch&#8220; In Deutschland gibt es inklusive Dunkelziffer 11&nbsp;Millionen Menschen mit Diabetes, online w\u00e4chst diese Community seit einigen Jahren immer enger zusammen. Unter dem Hashtag #SagEsLaut wurden in den sozialen Medien&nbsp;2021 und 2022 verschiedene Aktionen durchgef\u00fchrt, die die Bed\u00fcrfnisse der Menschen mit Diabetes f\u00fcr eine bessere Versorgung und Akzeptanz in der [&hellip;]<\/p>\n","protected":false},"author":4,"featured_media":0,"comment_status":"open","ping_status":"open","sticky":false,"template":"","format":"standard","meta":{"footnotes":""},"categories":[2],"tags":[11774,369,1708,12269,12268],"_links":{"self":[{"href":"https:\/\/www.diabsite.de\/diabetes-weblog\/wp-json\/wp\/v2\/posts\/59275"}],"collection":[{"href":"https:\/\/www.diabsite.de\/diabetes-weblog\/wp-json\/wp\/v2\/posts"}],"about":[{"href":"https:\/\/www.diabsite.de\/diabetes-weblog\/wp-json\/wp\/v2\/types\/post"}],"author":[{"embeddable":true,"href":"https:\/\/www.diabsite.de\/diabetes-weblog\/wp-json\/wp\/v2\/users\/4"}],"replies":[{"embeddable":true,"href":"https:\/\/www.diabsite.de\/diabetes-weblog\/wp-json\/wp\/v2\/comments?post=59275"}],"version-history":[{"count":1,"href":"https:\/\/www.diabsite.de\/diabetes-weblog\/wp-json\/wp\/v2\/posts\/59275\/revisions"}],"predecessor-version":[{"id":59276,"href":"https:\/\/www.diabsite.de\/diabetes-weblog\/wp-json\/wp\/v2\/posts\/59275\/revisions\/59276"}],"wp:attachment":[{"href":"https:\/\/www.diabsite.de\/diabetes-weblog\/wp-json\/wp\/v2\/media?parent=59275"}],"wp:term":[{"taxonomy":"category","embeddable":true,"href":"https:\/\/www.diabsite.de\/diabetes-weblog\/wp-json\/wp\/v2\/categories?post=59275"},{"taxonomy":"post_tag","embeddable":true,"href":"https:\/\/www.diabsite.de\/diabetes-weblog\/wp-json\/wp\/v2\/tags?post=59275"}],"curies":[{"name":"wp","href":"https:\/\/api.w.org\/{rel}","templated":true}]}}