{"id":59220,"date":"2023-07-03T11:42:32","date_gmt":"2023-07-03T09:42:32","guid":{"rendered":"https:\/\/www.diabsite.de\/diabetes-weblog\/?p=59220"},"modified":"2023-07-04T19:53:21","modified_gmt":"2023-07-04T17:53:21","slug":"diabetes-sommertour-kommt-am-11-juli-nach-travemuende","status":"publish","type":"post","link":"https:\/\/www.diabsite.de\/diabetes-weblog\/2023\/07\/03\/diabetes-sommertour-kommt-am-11-juli-nach-travemuende\/","title":{"rendered":"Diabetes-Sommertour kommt am 11.&nbsp;Juli nach Travem\u00fcnde"},"content":{"rendered":"<h4>Jede Menge Prominente an der Ostsee: Andrea Ballschuh, Gabi Fastner, Erik Gehl, Diva Agata, Vera Int-Veen, Matthias Steiner, Harry Wijnvoord und der Shanty-Chor M\u00f6wenschiet<\/h4>\n<p>Der Br\u00fcgmanngarten parallel zur Strandpromenade in Travem\u00fcnde ist Garant f\u00fcr hochwertige Veranstaltungen: Am 11.&nbsp;Juli 2023 wird er Austragungsort der ersten Diabetes-Sommertour werden, ein Infotainment-Event rund um das Thema Diabetes, Ern\u00e4hrung und Bewegung, ausgerichtet von der gemeinn\u00fctzigen Gesundheitsorganisation diabetesDE&nbsp;&#8211; Deutsche Diabetes-Hilfe. Die Besucher k\u00f6nnen sich \u00fcber ein abwechslungsreiches Programm freuen, von Unterhaltung auf der Hauptb\u00fchne, wissenschaftlichen Vortr\u00e4gen auf einer weiteren B\u00fchne, Bewegungseinheiten auf der Sonderfl\u00e4che und einem gro\u00dfen Diabetes-Markt mit ausstellenden Unternehmen. Bei einer aktuellen Zahl von 11&nbsp;Millionen Menschen in Deutschland, die an Diabetes erkrankt sind sowie einer Neuerkrankung pro Minute, ist Aufkl\u00e4rung \u00fcber Risikofaktoren des Diabetes Typ&nbsp;2 dringend n\u00f6tig. Unterst\u00fctzung erh\u00e4lt der Veranstalter von zahlreichen Prominenten: Die beiden Moderatoren Andrea Ballschuh und Harry Wijnvoord empfangen auf der Hauptb\u00fchne zwischen 10.00&nbsp;Uhr und 16.00&nbsp;Uhr unter anderem TV-Legende Vera Int-Veen, Olympiasieger Matthias Steiner, Fitness-YouTuberin Gabi Fastner und den aus L\u00fcbeck stammenden Shanty-Chor M\u00f6wenshiet. Der Eintritt ist&nbsp;frei. <a href=\"https:\/\/www.diabsite.de\/aktuelles\/nachrichten\/2023\/230703.html\" target=\"_blank\" class=\"ds\" title=\"zur Nachricht (neues Fenster)\" rel=\"noopener noreferrer\">Nachricht lesen<\/a><\/p>\n","protected":false},"excerpt":{"rendered":"<p>Jede Menge Prominente an der Ostsee: Andrea Ballschuh, Gabi Fastner, Erik Gehl, Diva Agata, Vera Int-Veen, Matthias Steiner, Harry Wijnvoord und der Shanty-Chor M\u00f6wenschiet Der Br\u00fcgmanngarten parallel zur Strandpromenade in Travem\u00fcnde ist Garant f\u00fcr hochwertige Veranstaltungen: Am 11.&nbsp;Juli 2023 wird er Austragungsort der ersten Diabetes-Sommertour werden, ein Infotainment-Event rund um das Thema Diabetes, Ern\u00e4hrung und [&hellip;]<\/p>\n","protected":false},"author":4,"featured_media":0,"comment_status":"open","ping_status":"open","sticky":false,"template":"","format":"standard","meta":{"footnotes":""},"categories":[2],"tags":[24,12239,12237,12238],"_links":{"self":[{"href":"https:\/\/www.diabsite.de\/diabetes-weblog\/wp-json\/wp\/v2\/posts\/59220"}],"collection":[{"href":"https:\/\/www.diabsite.de\/diabetes-weblog\/wp-json\/wp\/v2\/posts"}],"about":[{"href":"https:\/\/www.diabsite.de\/diabetes-weblog\/wp-json\/wp\/v2\/types\/post"}],"author":[{"embeddable":true,"href":"https:\/\/www.diabsite.de\/diabetes-weblog\/wp-json\/wp\/v2\/users\/4"}],"replies":[{"embeddable":true,"href":"https:\/\/www.diabsite.de\/diabetes-weblog\/wp-json\/wp\/v2\/comments?post=59220"}],"version-history":[{"count":2,"href":"https:\/\/www.diabsite.de\/diabetes-weblog\/wp-json\/wp\/v2\/posts\/59220\/revisions"}],"predecessor-version":[{"id":59222,"href":"https:\/\/www.diabsite.de\/diabetes-weblog\/wp-json\/wp\/v2\/posts\/59220\/revisions\/59222"}],"wp:attachment":[{"href":"https:\/\/www.diabsite.de\/diabetes-weblog\/wp-json\/wp\/v2\/media?parent=59220"}],"wp:term":[{"taxonomy":"category","embeddable":true,"href":"https:\/\/www.diabsite.de\/diabetes-weblog\/wp-json\/wp\/v2\/categories?post=59220"},{"taxonomy":"post_tag","embeddable":true,"href":"https:\/\/www.diabsite.de\/diabetes-weblog\/wp-json\/wp\/v2\/tags?post=59220"}],"curies":[{"name":"wp","href":"https:\/\/api.w.org\/{rel}","templated":true}]}}