{"id":59218,"date":"2023-06-30T14:45:18","date_gmt":"2023-06-30T12:45:18","guid":{"rendered":"https:\/\/www.diabsite.de\/diabetes-weblog\/?p=59218"},"modified":"2023-07-04T21:59:57","modified_gmt":"2023-07-04T19:59:57","slug":"mehr-geriatrische-aspekte-beruecksichtigt","status":"publish","type":"post","link":"https:\/\/www.diabsite.de\/diabetes-weblog\/2023\/06\/30\/mehr-geriatrische-aspekte-beruecksichtigt\/","title":{"rendered":"Mehr geriatrische Aspekte ber\u00fccksichtigt"},"content":{"rendered":"<h4>Neue Version der Nationalen Versorgungsleitlinie Typ-2-Diabetes ver\u00f6ffentlicht<\/h4>\n<p><a href=\"https:\/\/www.diabsite.de\/aktuelles\/nachrichten\/2023\/230630.html\" target=\"_blank\" class=\"ds\" title=\"zur Nachricht (neues Fenster)\" rel=\"noopener noreferrer\"><img loading=\"lazy\" decoding=\"async\" src=\"https:\/\/www.diabsite.de\/aktuelles\/nachrichten\/2023\/230630.jpg\" class=\"alignright\" width=\"200\" height=\"233\" alt=\"Privatdozent Dr. Andrej Zeyfang\"><\/a> Die <a href=\"https:\/\/www.leitlinien.de\/themen\/diabetes\/version-3\" target=\"_blank\" class=\"extern\" title=\"neues Fenster\" rel=\"noopener\">Nationale Versorgungsleitlinie&nbsp;(NVL) Typ-2-Diabetes<\/a> ist \u00fcberarbeitet worden und ber\u00fccksichtigt nun&nbsp;&#8211; durch Mitwirken der Deutschen Gesellschaft f\u00fcr Geriatrie&nbsp;(DGG)&nbsp;&#8211; wesentlich mehr Aspekte f\u00fcr hochaltrige Patienten. &#8222;Da jeder vierte Mensch in Deutschland zwischen 75 und 85&nbsp;Jahren an Typ-2-Diabetes leidet, ist die jetzt vorliegende dritte Leitlinien-Version von besonderer Bedeutung&#8220;, sagt Privatdozent Dr.&nbsp;Andrej Zeyfang, Chefarzt der Klinik f\u00fcr Innere Medizin, Altersmedizin und Diabetologie an der Medius-Klinik in Ostfildern-Ruit sowie Leiter der <a href=\"https:\/\/www.dggeriatrie.de\/ueber-uns\/arbeitsgruppen\/157-arbeitsgruppe-diabetes\" target=\"_blank\" class=\"extern\" title=\"neues Fenster\" rel=\"noopener\"> DGG-Arbeitsgruppe Diabetes<\/a>. Er hat zusammen mit Privatdozentin Dr.&nbsp;Anke Bahrmann, Vorsitzende der Arbeitsgemeinschaft Geriatrie und Pflege der Deutschen Diabetesgesellschaft, wichtige Leitlinieninhalte f\u00fcr \u00e4ltere Menschen mit Typ-2-Diabetes beigesteuert. Wie diese Erkrankung diagnostiziert werden soll und f\u00fcr wen eine Fr\u00fcherkennung sinnvoll sein kann, haben die Autorinnen und Autoren der NVL in den nun \u00fcberarbeiteten Kapiteln beantwortet. <a href=\"https:\/\/www.diabsite.de\/aktuelles\/nachrichten\/2023\/230630.html\" target=\"_blank\" class=\"ds\" title=\"zur Nachricht (neues Fenster)\" rel=\"noopener noreferrer\">Nachricht lesen<\/a><\/p>\n","protected":false},"excerpt":{"rendered":"<p>Neue Version der Nationalen Versorgungsleitlinie Typ-2-Diabetes ver\u00f6ffentlicht Die Nationale Versorgungsleitlinie&nbsp;(NVL) Typ-2-Diabetes ist \u00fcberarbeitet worden und ber\u00fccksichtigt nun&nbsp;&#8211; durch Mitwirken der Deutschen Gesellschaft f\u00fcr Geriatrie&nbsp;(DGG)&nbsp;&#8211; wesentlich mehr Aspekte f\u00fcr hochaltrige Patienten. &#8222;Da jeder vierte Mensch in Deutschland zwischen 75 und 85&nbsp;Jahren an Typ-2-Diabetes leidet, ist die jetzt vorliegende dritte Leitlinien-Version von besonderer Bedeutung&#8220;, sagt Privatdozent Dr.&nbsp;Andrej [&hellip;]<\/p>\n","protected":false},"author":4,"featured_media":0,"comment_status":"open","ping_status":"open","sticky":false,"template":"","format":"standard","meta":{"footnotes":""},"categories":[2],"tags":[12236,12235,854,92],"_links":{"self":[{"href":"https:\/\/www.diabsite.de\/diabetes-weblog\/wp-json\/wp\/v2\/posts\/59218"}],"collection":[{"href":"https:\/\/www.diabsite.de\/diabetes-weblog\/wp-json\/wp\/v2\/posts"}],"about":[{"href":"https:\/\/www.diabsite.de\/diabetes-weblog\/wp-json\/wp\/v2\/types\/post"}],"author":[{"embeddable":true,"href":"https:\/\/www.diabsite.de\/diabetes-weblog\/wp-json\/wp\/v2\/users\/4"}],"replies":[{"embeddable":true,"href":"https:\/\/www.diabsite.de\/diabetes-weblog\/wp-json\/wp\/v2\/comments?post=59218"}],"version-history":[{"count":1,"href":"https:\/\/www.diabsite.de\/diabetes-weblog\/wp-json\/wp\/v2\/posts\/59218\/revisions"}],"predecessor-version":[{"id":59219,"href":"https:\/\/www.diabsite.de\/diabetes-weblog\/wp-json\/wp\/v2\/posts\/59218\/revisions\/59219"}],"wp:attachment":[{"href":"https:\/\/www.diabsite.de\/diabetes-weblog\/wp-json\/wp\/v2\/media?parent=59218"}],"wp:term":[{"taxonomy":"category","embeddable":true,"href":"https:\/\/www.diabsite.de\/diabetes-weblog\/wp-json\/wp\/v2\/categories?post=59218"},{"taxonomy":"post_tag","embeddable":true,"href":"https:\/\/www.diabsite.de\/diabetes-weblog\/wp-json\/wp\/v2\/tags?post=59218"}],"curies":[{"name":"wp","href":"https:\/\/api.w.org\/{rel}","templated":true}]}}