{"id":59207,"date":"2023-06-25T14:01:32","date_gmt":"2023-06-25T12:01:32","guid":{"rendered":"https:\/\/www.diabsite.de\/diabetes-weblog\/?p=59207"},"modified":"2023-06-27T21:16:09","modified_gmt":"2023-06-27T19:16:09","slug":"urlaub-mit-diabetes","status":"publish","type":"post","link":"https:\/\/www.diabsite.de\/diabetes-weblog\/2023\/06\/25\/urlaub-mit-diabetes\/","title":{"rendered":"Urlaub mit Diabetes"},"content":{"rendered":"<h4>Ma\u00dfeinheiten f\u00fcr Blutzucker-\/Glukosewerte stets angeben<\/h4>\n<p><a href=\"https:\/\/www.diabsite.de\/themen\/reisen\/index.html\" target=\"_blank\" class=\"ds\" title=\"neues Fenster\" rel=\"noopener\"><img loading=\"lazy\" decoding=\"async\" class=\"alignright\" src=\"https:\/\/www.diabsite.de\/_img\/grafics\/diabetes-und-reisen.jpg\" width=\"200\" height=\"171\" alt=\"Diabetes und reisen\" \/><\/a> Die Sommerferien stehen vor der T\u00fcr oder haben, wie in Nordrhein-Westfalen, schon begonnen. Ferienzeit ist Reisezeit. Auch Diabetiker\/innen locken jetzt nahe Str\u00e4nde und ferne L\u00e4nder. Das Diabetes-Portal DiabSite hat nachgefragt: <a href=\"https:\/\/www.diabsite.de\/infos\/experten\/interviews\/001013-bueltz.html\" target=\"_blank\" class=\"ds\" title=\"Interview (neues Fenster)\" rel=\"noopener\">Passt der Diabetes in den Reisekoffer?<\/a> &#8222;Ja&#8220;, sagt eine Diabetologin gegen\u00fcber DiabSite und verr\u00e4t, was Diabetiker\/innen bedenken sollten. Gut vorbereitet steht dem Urlaub mit Diabetes nichts im Weg. Wie uns Zuschriften zeigen, vergessen Menschen mit Diabetes jedoch h\u00e4ufig, dass es zwei unterschiedliche Ma\u00dfeinheiten f\u00fcr die Blutzucker-\/Glukosewerte gibt. Im Ausland wird &#8211; wie in vielen deutschen Kliniken und den \u00f6stlichen Bundesl\u00e4ndern &#8211; in Millimol pro Liter und nicht in Milligramm pro Deziliter gemessen. So kann es passieren, dass bei einem Wert von 28 mg\/dl (1,6 mmol\/l) Insulin statt Zucker gegeben wird. Deshalb ist bei den Werten die Ma\u00dfeinheit so wichtig. Auf der DiabSite stehen f\u00fcr die <a href=\"https:\/\/www.diabsite.de\/diabetes\/labor\/umrechnung.html\" target=\"_blank\" class=\"ds\" title=\"neues Fenster\" rel=\"noopener\">Umrechnung<\/a> eine Tabelle und ein Rechner bereit. Wir w\u00fcnschen Ihnen eine sch\u00f6ne Urlaubszeit!<\/p>\n","protected":false},"excerpt":{"rendered":"<p>Ma\u00dfeinheiten f\u00fcr Blutzucker-\/Glukosewerte stets angeben Die Sommerferien stehen vor der T\u00fcr oder haben, wie in Nordrhein-Westfalen, schon begonnen. Ferienzeit ist Reisezeit. Auch Diabetiker\/innen locken jetzt nahe Str\u00e4nde und ferne L\u00e4nder. Das Diabetes-Portal DiabSite hat nachgefragt: Passt der Diabetes in den Reisekoffer? &#8222;Ja&#8220;, sagt eine Diabetologin gegen\u00fcber DiabSite und verr\u00e4t, was Diabetiker\/innen bedenken sollten. Gut vorbereitet [&hellip;]<\/p>\n","protected":false},"author":4,"featured_media":0,"comment_status":"open","ping_status":"open","sticky":false,"template":"","format":"standard","meta":{"footnotes":""},"categories":[1],"tags":[281,24,5939,145,12228,575,1563,282],"_links":{"self":[{"href":"https:\/\/www.diabsite.de\/diabetes-weblog\/wp-json\/wp\/v2\/posts\/59207"}],"collection":[{"href":"https:\/\/www.diabsite.de\/diabetes-weblog\/wp-json\/wp\/v2\/posts"}],"about":[{"href":"https:\/\/www.diabsite.de\/diabetes-weblog\/wp-json\/wp\/v2\/types\/post"}],"author":[{"embeddable":true,"href":"https:\/\/www.diabsite.de\/diabetes-weblog\/wp-json\/wp\/v2\/users\/4"}],"replies":[{"embeddable":true,"href":"https:\/\/www.diabsite.de\/diabetes-weblog\/wp-json\/wp\/v2\/comments?post=59207"}],"version-history":[{"count":2,"href":"https:\/\/www.diabsite.de\/diabetes-weblog\/wp-json\/wp\/v2\/posts\/59207\/revisions"}],"predecessor-version":[{"id":59209,"href":"https:\/\/www.diabsite.de\/diabetes-weblog\/wp-json\/wp\/v2\/posts\/59207\/revisions\/59209"}],"wp:attachment":[{"href":"https:\/\/www.diabsite.de\/diabetes-weblog\/wp-json\/wp\/v2\/media?parent=59207"}],"wp:term":[{"taxonomy":"category","embeddable":true,"href":"https:\/\/www.diabsite.de\/diabetes-weblog\/wp-json\/wp\/v2\/categories?post=59207"},{"taxonomy":"post_tag","embeddable":true,"href":"https:\/\/www.diabsite.de\/diabetes-weblog\/wp-json\/wp\/v2\/tags?post=59207"}],"curies":[{"name":"wp","href":"https:\/\/api.w.org\/{rel}","templated":true}]}}