{"id":59141,"date":"2023-06-06T15:42:41","date_gmt":"2023-06-06T13:42:41","guid":{"rendered":"https:\/\/www.diabsite.de\/diabetes-weblog\/?p=59141"},"modified":"2023-06-08T22:34:37","modified_gmt":"2023-06-08T20:34:37","slug":"mit-diabetes-mellitus-gut-vorbereitet-durch-mehrere-zeit-und-klimazonen","status":"publish","type":"post","link":"https:\/\/www.diabsite.de\/diabetes-weblog\/2023\/06\/06\/mit-diabetes-mellitus-gut-vorbereitet-durch-mehrere-zeit-und-klimazonen\/","title":{"rendered":"Mit Diabetes mellitus gut vorbereitet durch mehrere Zeit- und Klimazonen"},"content":{"rendered":"<h4>Urlaub vor der Haust\u00fcr oder in die Ferne? Verreisen mit Stoffwechselerkrankung<\/h4>\n<p><a href=\"https:\/\/www.diabsite.de\/aktuelles\/nachrichten\/2023\/230606.html\" target=\"_blank\" class=\"ds\" title=\"zur Nachricht (neues Fenster)\" rel=\"noopener noreferrer\"><img loading=\"lazy\" decoding=\"async\" src=\"https:\/\/www.diabsite.de\/aktuelles\/nachrichten\/2023\/230606.jpg\" class=\"alignright\" width=\"200\" height=\"209\" alt=\"Dr. jens Kr\u00f6ger, diabetesDE\"><\/a> Die Urlaubssaison naht: Ende Juni beginnen die ersten Sommerferien. Ob ein Ferienaufenthalt ohne lange Anreise oder in die Ferne auf andere Kontinente:  Beides ist f\u00fcr Menschen mit einer chronischen Erkrankung wie Diabetes mellitus Typ&nbsp;1 oder Typb&nbsp;2 grunds\u00e4tzlich m\u00f6glich. Reisen in andere Zeit- und Klimazonen verlangen im Vorfeld jedoch mehr Vorbereitung und Organisation, damit die notwendige Therapie wie zu Hause weiterlaufen kann und der Stoffwechsel stabil bleibt. Die gemeinn\u00fctzige Organisation diabetesDE&nbsp;&#8211; Deutsche Diabetes-Hilfe bietet daf\u00fcr kostenfreie Informationen und Tipps&nbsp;an. <a href=\"https:\/\/www.diabsite.de\/aktuelles\/nachrichten\/2023\/230606.html\" target=\"_blank\" class=\"ds\" title=\"zur Nachricht (neues Fenster)\" rel=\"noopener noreferrer\">Nachricht lesen<\/a><\/p>\n<p><i>Das k\u00f6nnte Sie auch interessieren:<\/i><\/p>\n<p>&#8211; <a href=\"https:\/\/www.diabsite.de\/themen\/reisen\/index.html\" target=\"_blank\" class=\"extern\" rel=\"noopener\">Diabetes und Reisen<\/a> &#8211; Ein Schwerpunktthema auf dem Diabetes-Portal DiabSite.<\/p>\n","protected":false},"excerpt":{"rendered":"<p>Urlaub vor der Haust\u00fcr oder in die Ferne? Verreisen mit Stoffwechselerkrankung Die Urlaubssaison naht: Ende Juni beginnen die ersten Sommerferien. Ob ein Ferienaufenthalt ohne lange Anreise oder in die Ferne auf andere Kontinente: Beides ist f\u00fcr Menschen mit einer chronischen Erkrankung wie Diabetes mellitus Typ&nbsp;1 oder Typb&nbsp;2 grunds\u00e4tzlich m\u00f6glich. Reisen in andere Zeit- und Klimazonen [&hellip;]<\/p>\n","protected":false},"author":4,"featured_media":0,"comment_status":"open","ping_status":"open","sticky":false,"template":"","format":"standard","meta":{"footnotes":""},"categories":[2],"tags":[806,12193,566,5208,1563,12194],"_links":{"self":[{"href":"https:\/\/www.diabsite.de\/diabetes-weblog\/wp-json\/wp\/v2\/posts\/59141"}],"collection":[{"href":"https:\/\/www.diabsite.de\/diabetes-weblog\/wp-json\/wp\/v2\/posts"}],"about":[{"href":"https:\/\/www.diabsite.de\/diabetes-weblog\/wp-json\/wp\/v2\/types\/post"}],"author":[{"embeddable":true,"href":"https:\/\/www.diabsite.de\/diabetes-weblog\/wp-json\/wp\/v2\/users\/4"}],"replies":[{"embeddable":true,"href":"https:\/\/www.diabsite.de\/diabetes-weblog\/wp-json\/wp\/v2\/comments?post=59141"}],"version-history":[{"count":6,"href":"https:\/\/www.diabsite.de\/diabetes-weblog\/wp-json\/wp\/v2\/posts\/59141\/revisions"}],"predecessor-version":[{"id":59152,"href":"https:\/\/www.diabsite.de\/diabetes-weblog\/wp-json\/wp\/v2\/posts\/59141\/revisions\/59152"}],"wp:attachment":[{"href":"https:\/\/www.diabsite.de\/diabetes-weblog\/wp-json\/wp\/v2\/media?parent=59141"}],"wp:term":[{"taxonomy":"category","embeddable":true,"href":"https:\/\/www.diabsite.de\/diabetes-weblog\/wp-json\/wp\/v2\/categories?post=59141"},{"taxonomy":"post_tag","embeddable":true,"href":"https:\/\/www.diabsite.de\/diabetes-weblog\/wp-json\/wp\/v2\/tags?post=59141"}],"curies":[{"name":"wp","href":"https:\/\/api.w.org\/{rel}","templated":true}]}}