{"id":58912,"date":"2023-03-26T17:11:10","date_gmt":"2023-03-26T15:11:10","guid":{"rendered":"https:\/\/www.diabsite.de\/diabetes-weblog\/?p=58912"},"modified":"2023-03-27T22:23:19","modified_gmt":"2023-03-27T20:23:19","slug":"berlin-uebt-wahlen-und-diabetikerin-laeuft","status":"publish","type":"post","link":"https:\/\/www.diabsite.de\/diabetes-weblog\/2023\/03\/26\/berlin-uebt-wahlen-und-diabetikerin-laeuft\/","title":{"rendered":"Berlin \u00fcbt Wahlen und Diabetikerin l\u00e4uft"},"content":{"rendered":"<h3>Kurzer Siegestaumel f\u00fcr den inneren Schweinehund<\/h3>\n<p><i>Zum Vergr\u00f6\u00dfern bitte auf die Bilder klicken.<\/i><\/p>\n<p><i><a href=\"\/diabetes-weblog\/wp-content\/images\/2023\/230326-osterglocken-tulpen-gr.jpg\"><img loading=\"lazy\" decoding=\"async\" src=\"\/diabetes-weblog\/wp-content\/images\/2023\/230326-osterglocken-tulpen.jpg\" class=\"alignright\" width=\"200\" height=\"155\" alt=\"Osterglocken und Tulpen auf dem Damm\"><\/a> Es ist Fr\u00fchling. Auf dem Damm &#8211;&nbsp;so nennt man in Berlin den Mittelstreifen der Stra\u00dfen&nbsp;&#8211; bl\u00fchen Osterglocken und Tulpen. Im September&nbsp;2021 wurden in der Hauptstadt ein neues Abgeordnetenhaus und neue Bezirksverordnetenversammlungen gew\u00e4hlt. Wegen zahlreicher Pannen mussten diese Wahlen am 12.&nbsp;Februar&nbsp;2023 wiederholt werden. Heute hatte Berlin eine neue Chance, Wahlen zu \u00fcben. Diesmal ging es um den Volksentscheid &#8222;Berlin 2030 klimaneutral&#8220;. Die Initiatorin des <a href=\"https:\/\/www.diabsite.de\/index.html\" target=\"_blank\" class=\"ds\" title=\"zur Startseite (neues Fenster)\" rel=\"noopener noreferrer\">Diabetes-Portals DiabSite<\/a> und Diabetikerin Helga Uphoff nutzte die Volksabstimmung als Motivation f\u00fcr mehr Bewegung im Alltag. Mehr erfahren Sie hier:<\/i> <\/p>\n<p><a href=\"\/diabetes-weblog\/wp-content\/images\/2023\/230326-hecke-gr.jpg\"><img loading=\"lazy\" decoding=\"async\" src=\"\/diabetes-weblog\/wp-content\/images\/2023\/230326-hecke.jpg\" class=\"alignleft\" width=\"200\" height=\"154\" alt=\"Zartes Gr\u00fcn sprie\u00dft an Hecke\"><\/a> Am Morgen freute sich mein innerer Schweinehund riesig \u00fcber seinen Sieg. Wegen des sch\u00f6nen Wetters hatte er nicht damit gerechnet, dass ich ein gem\u00fctliches Sonntagsfr\u00fchst\u00fcck dem Laufen vorziehen w\u00fcrde. Da wusste er noch nicht, dass ich sp\u00e4ter zum Berliner Klima-Volksentscheid gehe. Bei Wahlen und Abstimmungen bin ich immer dabei. Doch meistens f\u00fchrt mein Weg nicht direkt zum Abstimmungs-\/Wahllokal. Oft nutze ich die Gelegenheit f\u00fcr einen l\u00e4ngeren Spaziergang. So auch heute. Mit mir waren viele Menschen unterwegs. Sie wollten wie ich das zarte Gr\u00fcn an Hecken und B\u00e4umen genie\u00dfen.<\/p>\n<p><a href=\"\/diabetes-weblog\/wp-content\/images\/2023\/230326-fruehlingsblueher-gr.jpg\"><img loading=\"lazy\" decoding=\"async\" src=\"\/diabetes-weblog\/wp-content\/images\/2023\/230326-fruehlingsblueher.jpg\" class=\"alignright\" width=\"200\" height=\"147\" alt=\"Fr\u00fchlingsbl\u00fcher\"\/><\/a> Ich lief und lief und freute mich an der erwachenden Natur. Eine gro\u00dfe Auswahl an Fr\u00fchlingsbl\u00fchern sah ich dann vor einem Blumenladen. So langsam n\u00e4herte ich mich dem Abstimmungslokal. Leider gab es keine Schlange von Leuten, <a href=\"\/diabetes-weblog\/wp-content\/images\/2023\/230326-abstimmungslokal-gr.jpg\"><img loading=\"lazy\" decoding=\"async\" src=\"\/diabetes-weblog\/wp-content\/images\/2023\/230326-abstimmungslokal.jpg\" class=\"alignleft\" width=\"200\" height=\"137\" alt=\"ZAbstimmungslokal\"><\/a> die von ihrem Recht zur Abstimmung Gebrauch machen wollten. Schade. Allein in meinem Abstimmungslokal erf\u00fcllte ich meine B\u00fcrgerpflicht. Dennoch kam ich gl\u00fccklich heim. Mein Herz war offen und mein innerer Schweinehund zog beleidigt den Schwanz ein. Heute war es nichts mit einem Sieg f\u00fcr ihn.<\/p>\n<p>Bewegung ist gesund, kann das Herz \u00f6ffnen und sich mit n\u00fctzlichen Dingen verbinden lassen. Nutzen auch Sie jede Gelegenheit f\u00fcr einen kleinen Spaziergang!<\/p>\n<p><i>Wenn Sie Zeit und Lust haben, kommentieren Sie diesen Beitrag. Dazu einfach auf die erste \u00dcberschrift klicken.<\/i><\/p>\n","protected":false},"excerpt":{"rendered":"<p>Kurzer Siegestaumel f\u00fcr den inneren Schweinehund Zum Vergr\u00f6\u00dfern bitte auf die Bilder klicken. Es ist Fr\u00fchling. Auf dem Damm &#8211;&nbsp;so nennt man in Berlin den Mittelstreifen der Stra\u00dfen&nbsp;&#8211; bl\u00fchen Osterglocken und Tulpen. Im September&nbsp;2021 wurden in der Hauptstadt ein neues Abgeordnetenhaus und neue Bezirksverordnetenversammlungen gew\u00e4hlt. Wegen zahlreicher Pannen mussten diese Wahlen am 12.&nbsp;Februar&nbsp;2023 wiederholt werden. [&hellip;]<\/p>\n","protected":false},"author":4,"featured_media":0,"comment_status":"open","ping_status":"open","sticky":false,"template":"","format":"standard","meta":{"footnotes":""},"categories":[23],"tags":[682,126,12085,12084,127,12086],"_links":{"self":[{"href":"https:\/\/www.diabsite.de\/diabetes-weblog\/wp-json\/wp\/v2\/posts\/58912"}],"collection":[{"href":"https:\/\/www.diabsite.de\/diabetes-weblog\/wp-json\/wp\/v2\/posts"}],"about":[{"href":"https:\/\/www.diabsite.de\/diabetes-weblog\/wp-json\/wp\/v2\/types\/post"}],"author":[{"embeddable":true,"href":"https:\/\/www.diabsite.de\/diabetes-weblog\/wp-json\/wp\/v2\/users\/4"}],"replies":[{"embeddable":true,"href":"https:\/\/www.diabsite.de\/diabetes-weblog\/wp-json\/wp\/v2\/comments?post=58912"}],"version-history":[{"count":12,"href":"https:\/\/www.diabsite.de\/diabetes-weblog\/wp-json\/wp\/v2\/posts\/58912\/revisions"}],"predecessor-version":[{"id":58926,"href":"https:\/\/www.diabsite.de\/diabetes-weblog\/wp-json\/wp\/v2\/posts\/58912\/revisions\/58926"}],"wp:attachment":[{"href":"https:\/\/www.diabsite.de\/diabetes-weblog\/wp-json\/wp\/v2\/media?parent=58912"}],"wp:term":[{"taxonomy":"category","embeddable":true,"href":"https:\/\/www.diabsite.de\/diabetes-weblog\/wp-json\/wp\/v2\/categories?post=58912"},{"taxonomy":"post_tag","embeddable":true,"href":"https:\/\/www.diabsite.de\/diabetes-weblog\/wp-json\/wp\/v2\/tags?post=58912"}],"curies":[{"name":"wp","href":"https:\/\/api.w.org\/{rel}","templated":true}]}}