{"id":58902,"date":"2023-03-22T11:23:29","date_gmt":"2023-03-22T10:23:29","guid":{"rendered":"https:\/\/www.diabsite.de\/diabetes-weblog\/?p=58902"},"modified":"2023-03-23T19:31:19","modified_gmt":"2023-03-23T18:31:19","slug":"tipps-zum-umgang-mit-diabetes-im-ramadan-3","status":"publish","type":"post","link":"https:\/\/www.diabsite.de\/diabetes-weblog\/2023\/03\/22\/tipps-zum-umgang-mit-diabetes-im-ramadan-3\/","title":{"rendered":"Tipps zum Umgang mit Diabetes im Ramadan"},"content":{"rendered":"<p><a href=\"https:\/\/www.diabsite.de\/diabetes\/tipps\/190505-ramadan-diabetes-fasten.html\" target=\"_blank\" class=\"ds\" title=\"zu dem Diabetes-Tipp (neues Fenster)\" rel=\"noopener noreferrer\"><img loading=\"lazy\" decoding=\"async\" class=\"alignright\" src=\"https:\/\/www.diabsite.de\/_img\/grafics\/diabetes-tipps.jpg\" width=\"200\" height=\"261\" alt=\"Diabetes-Tipps zum Ramadan\" \/><\/a> F\u00fcr die rund 1,9 Milliarden Muslime auf der Welt beginnt morgen der Ramadan. Er geh\u00f6rt f\u00fcr die Gl\u00e4ubigen zu den f\u00fcnf S\u00e4ulen des Islam. Es geht ihnen darum, &#8222;Herz und Seele zu reinigen&#8220;. Wir vom Diabetes-Portal DiabSite senden allen Musliminnen und Muslimen die besten W\u00fcnsche zum Fastenmonat Ramadan. Wer kann, isst und trinkt im Fastenmonat von Sonnenaufgang bis Sonnenuntergang nicht und freut sich auf das Fastenbrechen am Abend. Es gibt jedoch Menschen, die nicht Fasten m\u00fcssen. Dazu geh\u00f6ren Diabetikerinnen und Diabetiker. Ebenfalls vom Fasten befreit sind Schwangere, Kinder, alte Menschen, Soldaten, Reisende und Menschen mit anderen Erkrankungen. Viele gl\u00e4ubige Diabetiker\/innen m\u00f6chten trotz ihrer chronischen Erkrankung am Ramadan teilnehmen. F\u00fcr sie haben wir einige <a href=\"https:\/\/www.diabsite.de\/diabetes\/tipps\/190505-ramadan-diabetes-fasten.html\" target=\"_blank\" class=\"ds\" title=\"neues Fenster\" rel=\"noopener noreferrer\">Tipps zum Umgang mit Diabetes im Ramadan<\/a> zusammengestellt. Wer trotz Diabeteserkrankung fasten m\u00f6chten, wendet sich bitte an ihr\/sein Diabetesteam. Sollten Sie als Diabetiker\/in bereits Erfahrungen mit dem Fasten gesammelt haben, schreiben Sie uns bitte einen <a href=\"https:\/\/www.diabsite.de\/diabsite\/leserbriefe\/index.html\"target=\"_blank\" class=\"ds\" title=\"neues Fenster\" rel=\"noopener noreferrer\">Leserbrief<\/a>. Denn Ihre Erfahrungen k\u00f6nnen f\u00fcr andere Menschen mit Diabetes hilfreich sein.<\/p>\n","protected":false},"excerpt":{"rendered":"<p>F\u00fcr die rund 1,9 Milliarden Muslime auf der Welt beginnt morgen der Ramadan. Er geh\u00f6rt f\u00fcr die Gl\u00e4ubigen zu den f\u00fcnf S\u00e4ulen des Islam. Es geht ihnen darum, &#8222;Herz und Seele zu reinigen&#8220;. Wir vom Diabetes-Portal DiabSite senden allen Musliminnen und Muslimen die besten W\u00fcnsche zum Fastenmonat Ramadan. Wer kann, isst und trinkt im Fastenmonat [&hellip;]<\/p>\n","protected":false},"author":4,"featured_media":0,"comment_status":"open","ping_status":"open","sticky":false,"template":"","format":"standard","meta":{"footnotes":""},"categories":[1],"tags":[24,30,686,2125,2127,7164,2126,2124],"_links":{"self":[{"href":"https:\/\/www.diabsite.de\/diabetes-weblog\/wp-json\/wp\/v2\/posts\/58902"}],"collection":[{"href":"https:\/\/www.diabsite.de\/diabetes-weblog\/wp-json\/wp\/v2\/posts"}],"about":[{"href":"https:\/\/www.diabsite.de\/diabetes-weblog\/wp-json\/wp\/v2\/types\/post"}],"author":[{"embeddable":true,"href":"https:\/\/www.diabsite.de\/diabetes-weblog\/wp-json\/wp\/v2\/users\/4"}],"replies":[{"embeddable":true,"href":"https:\/\/www.diabsite.de\/diabetes-weblog\/wp-json\/wp\/v2\/comments?post=58902"}],"version-history":[{"count":1,"href":"https:\/\/www.diabsite.de\/diabetes-weblog\/wp-json\/wp\/v2\/posts\/58902\/revisions"}],"predecessor-version":[{"id":58903,"href":"https:\/\/www.diabsite.de\/diabetes-weblog\/wp-json\/wp\/v2\/posts\/58902\/revisions\/58903"}],"wp:attachment":[{"href":"https:\/\/www.diabsite.de\/diabetes-weblog\/wp-json\/wp\/v2\/media?parent=58902"}],"wp:term":[{"taxonomy":"category","embeddable":true,"href":"https:\/\/www.diabsite.de\/diabetes-weblog\/wp-json\/wp\/v2\/categories?post=58902"},{"taxonomy":"post_tag","embeddable":true,"href":"https:\/\/www.diabsite.de\/diabetes-weblog\/wp-json\/wp\/v2\/tags?post=58902"}],"curies":[{"name":"wp","href":"https:\/\/api.w.org\/{rel}","templated":true}]}}