{"id":58876,"date":"2023-03-14T18:27:58","date_gmt":"2023-03-14T17:27:58","guid":{"rendered":"https:\/\/www.diabsite.de\/diabetes-weblog\/?p=58876"},"modified":"2023-03-16T21:48:16","modified_gmt":"2023-03-16T20:48:16","slug":"deutscher-schmerz-und-palliativtagnbsp2023-online-gestartet","status":"publish","type":"post","link":"https:\/\/www.diabsite.de\/diabetes-weblog\/2023\/03\/14\/deutscher-schmerz-und-palliativtagnbsp2023-online-gestartet\/","title":{"rendered":"Deutscher Schmerz- und Palliativtag&nbsp;2023 &#8211;&nbsp;Online&nbsp;&#8211; gestartet"},"content":{"rendered":"<h4>Neu im Angebot ist das Curriculum &#8222;Diabetes und Schmerz&#8220;<\/h4>\n<p>Unter dem Motto &#8222;Sorgen und Versorgen&nbsp;&#8211; Schmerzmedizin konkret&#8220; begann heute der Deutsche Schmerz- und Palliativtag&nbsp;2023. Zum Auftakt gaben die Kongresspr\u00e4sidenten Dr.&nbsp;Johannes Horlemann und PD&nbsp;Dr.&nbsp;Michael A.&nbsp;\u00dcberall einen \u00dcberblick \u00fcber die Themen des Kongresses. Direkt nach der Kongresser\u00f6ffnung erinnerte Prof.&nbsp;Dr.&nbsp;Giovanni Maio, Freiburg, in seinem Exzellenzvortrag &#8222;Sorge als identit\u00e4tsstiftendes Element in der Schmerzmedizin&#8220; daran, dass &#8222;nur die Sorge als Teil der \u00e4rztlichen Professionalit\u00e4t gew\u00e4hrleistet, dass wir eine gute Medizin verwirklichen k\u00f6nnen.&#8220; Schirmherrin des Kongresses ist die Bundestagsabgeordnete Martina Stamm-Fibich. <a href=\"https:\/\/www.diabsite.de\/aktuelles\/nachrichten\/2023\/230314b.html\" target=\"_blank\" class=\"ds\" title=\"zur Nachricht (neues Fenster)\" rel=\"noopener noreferrer\">Nachricht lesen<\/a><\/p>\n","protected":false},"excerpt":{"rendered":"<p>Neu im Angebot ist das Curriculum &#8222;Diabetes und Schmerz&#8220; Unter dem Motto &#8222;Sorgen und Versorgen&nbsp;&#8211; Schmerzmedizin konkret&#8220; begann heute der Deutsche Schmerz- und Palliativtag&nbsp;2023. Zum Auftakt gaben die Kongresspr\u00e4sidenten Dr.&nbsp;Johannes Horlemann und PD&nbsp;Dr.&nbsp;Michael A.&nbsp;\u00dcberall einen \u00dcberblick \u00fcber die Themen des Kongresses. Direkt nach der Kongresser\u00f6ffnung erinnerte Prof.&nbsp;Dr.&nbsp;Giovanni Maio, Freiburg, in seinem Exzellenzvortrag &#8222;Sorge als identit\u00e4tsstiftendes [&hellip;]<\/p>\n","protected":false},"author":4,"featured_media":0,"comment_status":"open","ping_status":"open","sticky":false,"template":"","format":"standard","meta":{"footnotes":""},"categories":[2],"tags":[12066,12065,24,9225,11749,12067],"_links":{"self":[{"href":"https:\/\/www.diabsite.de\/diabetes-weblog\/wp-json\/wp\/v2\/posts\/58876"}],"collection":[{"href":"https:\/\/www.diabsite.de\/diabetes-weblog\/wp-json\/wp\/v2\/posts"}],"about":[{"href":"https:\/\/www.diabsite.de\/diabetes-weblog\/wp-json\/wp\/v2\/types\/post"}],"author":[{"embeddable":true,"href":"https:\/\/www.diabsite.de\/diabetes-weblog\/wp-json\/wp\/v2\/users\/4"}],"replies":[{"embeddable":true,"href":"https:\/\/www.diabsite.de\/diabetes-weblog\/wp-json\/wp\/v2\/comments?post=58876"}],"version-history":[{"count":2,"href":"https:\/\/www.diabsite.de\/diabetes-weblog\/wp-json\/wp\/v2\/posts\/58876\/revisions"}],"predecessor-version":[{"id":58878,"href":"https:\/\/www.diabsite.de\/diabetes-weblog\/wp-json\/wp\/v2\/posts\/58876\/revisions\/58878"}],"wp:attachment":[{"href":"https:\/\/www.diabsite.de\/diabetes-weblog\/wp-json\/wp\/v2\/media?parent=58876"}],"wp:term":[{"taxonomy":"category","embeddable":true,"href":"https:\/\/www.diabsite.de\/diabetes-weblog\/wp-json\/wp\/v2\/categories?post=58876"},{"taxonomy":"post_tag","embeddable":true,"href":"https:\/\/www.diabsite.de\/diabetes-weblog\/wp-json\/wp\/v2\/tags?post=58876"}],"curies":[{"name":"wp","href":"https:\/\/api.w.org\/{rel}","templated":true}]}}