{"id":58485,"date":"2022-11-21T17:59:06","date_gmt":"2022-11-21T16:59:06","guid":{"rendered":"https:\/\/www.diabsite.de\/diabetes-weblog\/?p=58485"},"modified":"2022-11-21T20:05:37","modified_gmt":"2022-11-21T19:05:37","slug":"trendwende-bei-der-behandlung-der-pavk","status":"publish","type":"post","link":"https:\/\/www.diabsite.de\/diabetes-weblog\/2022\/11\/21\/trendwende-bei-der-behandlung-der-pavk\/","title":{"rendered":"Trendwende bei der Behandlung der pAVK"},"content":{"rendered":"<h4>Weg von der Standardtherapie f\u00fcr alle, hin zu einer patientenindividuellen Therapie<\/h4>\n<p><a href=\"https:\/\/www.diabsite.de\/aktuelles\/nachrichten\/2022\/221121.html\" target=\"_blank\" class=\"ds\" title=\"zur Nachricht (neues Fenster)\" rel=\"noopener noreferrer\"><img loading=\"lazy\" decoding=\"async\" src=\"https:\/\/www.diabsite.de\/aktuelles\/nachrichten\/2022\/221121.jpg\" class=\"alignright\" width=\"200\" height=\"200\" alt=\"Durchblutungsst\u00f6rungen, paVK, Diabetiker\"><\/a> Die periphere arterielle Verschlusskrankheit&nbsp;(pAVK), eine h\u00e4ufige Volkskrankheit mit mehr als 236&nbsp;Millionen Betroffenen weltweit, ist eines der Hauptthemen der diesj\u00e4hrigen Dreil\u00e4ndertagung der Deutschen&nbsp;(DGG), \u00d6sterreichischen&nbsp;(\u00d6GG) und Schweizerischen&nbsp;(SGG) Gesellschaften f\u00fcr Gef\u00e4\u00dfchirurgie&nbsp;2022 in Wien. Die pAVK l\u00e4sst sich in ihrer asymptomatischen Form (ohne Beschwerden) bei circa 20&nbsp;Prozent aller \u00fcber 65-J\u00e4hrigen nachweisen. In sp\u00e4teren Krankheitsstadien mit typischen Symptomen l\u00e4sst sich die pAVK bei etwa f\u00fcnf Prozent der \u00fcber 55-J\u00e4hrigen finden. <a href=\"https:\/\/www.diabsite.de\/aktuelles\/nachrichten\/2022\/221121.html\" target=\"_blank\" class=\"ds\" title=\"zur Nachricht (neues Fenster)\" rel=\"noopener noreferrer\">Nachricht lesen<\/a><\/p>\n","protected":false},"excerpt":{"rendered":"<p>Weg von der Standardtherapie f\u00fcr alle, hin zu einer patientenindividuellen Therapie Die periphere arterielle Verschlusskrankheit&nbsp;(pAVK), eine h\u00e4ufige Volkskrankheit mit mehr als 236&nbsp;Millionen Betroffenen weltweit, ist eines der Hauptthemen der diesj\u00e4hrigen Dreil\u00e4ndertagung der Deutschen&nbsp;(DGG), \u00d6sterreichischen&nbsp;(\u00d6GG) und Schweizerischen&nbsp;(SGG) Gesellschaften f\u00fcr Gef\u00e4\u00dfchirurgie&nbsp;2022 in Wien. Die pAVK l\u00e4sst sich in ihrer asymptomatischen Form (ohne Beschwerden) bei circa 20&nbsp;Prozent aller [&hellip;]<\/p>\n","protected":false},"author":4,"featured_media":0,"comment_status":"open","ping_status":"open","sticky":false,"template":"","format":"standard","meta":{"footnotes":""},"categories":[2],"tags":[24,30,11884,319,11883],"_links":{"self":[{"href":"https:\/\/www.diabsite.de\/diabetes-weblog\/wp-json\/wp\/v2\/posts\/58485"}],"collection":[{"href":"https:\/\/www.diabsite.de\/diabetes-weblog\/wp-json\/wp\/v2\/posts"}],"about":[{"href":"https:\/\/www.diabsite.de\/diabetes-weblog\/wp-json\/wp\/v2\/types\/post"}],"author":[{"embeddable":true,"href":"https:\/\/www.diabsite.de\/diabetes-weblog\/wp-json\/wp\/v2\/users\/4"}],"replies":[{"embeddable":true,"href":"https:\/\/www.diabsite.de\/diabetes-weblog\/wp-json\/wp\/v2\/comments?post=58485"}],"version-history":[{"count":1,"href":"https:\/\/www.diabsite.de\/diabetes-weblog\/wp-json\/wp\/v2\/posts\/58485\/revisions"}],"predecessor-version":[{"id":58486,"href":"https:\/\/www.diabsite.de\/diabetes-weblog\/wp-json\/wp\/v2\/posts\/58485\/revisions\/58486"}],"wp:attachment":[{"href":"https:\/\/www.diabsite.de\/diabetes-weblog\/wp-json\/wp\/v2\/media?parent=58485"}],"wp:term":[{"taxonomy":"category","embeddable":true,"href":"https:\/\/www.diabsite.de\/diabetes-weblog\/wp-json\/wp\/v2\/categories?post=58485"},{"taxonomy":"post_tag","embeddable":true,"href":"https:\/\/www.diabsite.de\/diabetes-weblog\/wp-json\/wp\/v2\/tags?post=58485"}],"curies":[{"name":"wp","href":"https:\/\/api.w.org\/{rel}","templated":true}]}}