{"id":58366,"date":"2022-10-18T19:48:09","date_gmt":"2022-10-18T17:48:09","guid":{"rendered":"https:\/\/www.diabsite.de\/diabetes-weblog\/?p=58366"},"modified":"2022-10-20T21:57:58","modified_gmt":"2022-10-20T19:57:58","slug":"rki-zu-herbstwelle","status":"publish","type":"post","link":"https:\/\/www.diabsite.de\/diabetes-weblog\/2022\/10\/18\/rki-zu-herbstwelle\/","title":{"rendered":"RKI zu Herbstwelle"},"content":{"rendered":"<h4>Anstieg schwerer Corona-F\u00e4lle deutet sich an<\/h4>\n<p><a href=\"https:\/\/www.diabsite.de\/index.html#covid-19-diabetiker\" target=\"_blank\" class=\"ds\" title=\"neues Fenster\" rel=\"noopener noreferrer\"><img loading=\"lazy\" decoding=\"async\" class=\"alignright\" src=\"https:\/\/www.diabsite.de\/_img\/grafics\/covid-19.jpg\" width=\"200\" height=\"151\" alt=\"COVID-19\" \/><\/a> &#8222;Ein Mangel an einem Enzym, der bereits mit einer gest\u00f6rten Bei schwer verlaufenden Atemwegsinfektionen deutet sich laut RKI ein Anstieg der Corona-Fallzahlen an. Allerdings erlaube es die Datenlage weiter nicht zu unterscheiden, ob Patienten wegen oder mit Covid-19 behandelt werden.&#8220; Im Zuge der beginnenden Corona-Herbstwelle hat das Robert Koch-Institut (RKI) auf die schwierige Interpretation bestimmter Daten zur Krankheitsschwere hingewiesen. Mehr erfahren Sie auf folgender Seite von <a href=\"https:\/\/www.tagesschau.de\/wissen\/gesundheit\/rki-corona-197.html\" target=\"_blank\" class=\"extern\" title=\"neues Fenster\" rel=\"noopener\">tagesschau.de<\/a>.  Diesen Beitrag hat die DiabSite f\u00fcr Sie aus dem Netz gefischt. Au\u00dferdem weisen wir darauf hin, dass Menschen mit Diabetes ein sehr hohes Risiko f\u00fcr einen schweren Krankheitsverlauf haben. Jetzt hei\u00dft es: auch beim Einkaufen und bei Treffen mit mehreren Menschen FFP2-Maske tragen und Abstand halten.<\/p>\n","protected":false},"excerpt":{"rendered":"<p>Anstieg schwerer Corona-F\u00e4lle deutet sich an &#8222;Ein Mangel an einem Enzym, der bereits mit einer gest\u00f6rten Bei schwer verlaufenden Atemwegsinfektionen deutet sich laut RKI ein Anstieg der Corona-Fallzahlen an. Allerdings erlaube es die Datenlage weiter nicht zu unterscheiden, ob Patienten wegen oder mit Covid-19 behandelt werden.&#8220; Im Zuge der beginnenden Corona-Herbstwelle hat das Robert Koch-Institut [&hellip;]<\/p>\n","protected":false},"author":4,"featured_media":0,"comment_status":"open","ping_status":"open","sticky":false,"template":"","format":"standard","meta":{"footnotes":""},"categories":[1],"tags":[11817,10258,24,11819,2115,11818],"_links":{"self":[{"href":"https:\/\/www.diabsite.de\/diabetes-weblog\/wp-json\/wp\/v2\/posts\/58366"}],"collection":[{"href":"https:\/\/www.diabsite.de\/diabetes-weblog\/wp-json\/wp\/v2\/posts"}],"about":[{"href":"https:\/\/www.diabsite.de\/diabetes-weblog\/wp-json\/wp\/v2\/types\/post"}],"author":[{"embeddable":true,"href":"https:\/\/www.diabsite.de\/diabetes-weblog\/wp-json\/wp\/v2\/users\/4"}],"replies":[{"embeddable":true,"href":"https:\/\/www.diabsite.de\/diabetes-weblog\/wp-json\/wp\/v2\/comments?post=58366"}],"version-history":[{"count":1,"href":"https:\/\/www.diabsite.de\/diabetes-weblog\/wp-json\/wp\/v2\/posts\/58366\/revisions"}],"predecessor-version":[{"id":58367,"href":"https:\/\/www.diabsite.de\/diabetes-weblog\/wp-json\/wp\/v2\/posts\/58366\/revisions\/58367"}],"wp:attachment":[{"href":"https:\/\/www.diabsite.de\/diabetes-weblog\/wp-json\/wp\/v2\/media?parent=58366"}],"wp:term":[{"taxonomy":"category","embeddable":true,"href":"https:\/\/www.diabsite.de\/diabetes-weblog\/wp-json\/wp\/v2\/categories?post=58366"},{"taxonomy":"post_tag","embeddable":true,"href":"https:\/\/www.diabsite.de\/diabetes-weblog\/wp-json\/wp\/v2\/tags?post=58366"}],"curies":[{"name":"wp","href":"https:\/\/api.w.org\/{rel}","templated":true}]}}