{"id":58296,"date":"2022-09-20T18:45:55","date_gmt":"2022-09-20T16:45:55","guid":{"rendered":"https:\/\/www.diabsite.de\/diabetes-weblog\/?p=58296"},"modified":"2022-09-23T11:10:33","modified_gmt":"2022-09-23T09:10:33","slug":"zum-herbstanfang-am-23-september","status":"publish","type":"post","link":"https:\/\/www.diabsite.de\/diabetes-weblog\/2022\/09\/20\/zum-herbstanfang-am-23-september\/","title":{"rendered":"Zum Herbstanfang am 23.&nbsp;September"},"content":{"rendered":"<h4>&num;SagEsLaut macht Sorgen von Menschen mit Typ-2-Diabetes sichtbar<\/h4>\n<p><a href=\"https:\/\/www.diabsite.de\/aktuelles\/nachrichten\/2022\/220920.html\" target=\"_blank\" class=\"ds\" title=\"zur Nachricht (neues Fenster)\" rel=\"noopener noreferrer\"><img loading=\"lazy\" decoding=\"async\" src=\"https:\/\/www.diabsite.de\/aktuelles\/nachrichten\/2022\/220920.jpg\" class=\"alignright\" width=\"150\" height=\"141\" alt=\"Goldener Herbst\"><\/a> Am 23. September ist Herbstanfang und die Tage werden k\u00fcrzer und dunkler: Vielen Menschen schl\u00e4gt die dunkle Jahreszeit aufs Gem\u00fct. F\u00fcr Menschen mit Diabetes kann diese zus\u00e4tzliche Belastung ein Risiko sein: Viele von ihnen empfinden ihre chronische Erkrankung mit t\u00e4glichem Glukosemessen, Medikations- und Insulinanpassung und Anpassung von Ern\u00e4hrung und Bewegung als Last, die ihre Lebensqualit\u00e4t einschr\u00e4nkt. Sie sind daher besonders gef\u00e4hrdet, eine Depression zu entwickeln. Etwa 14&nbsp;Prozent der mehr als 8,5&nbsp;Millionen Menschen mit Diabetes in Deutschland haben eine klinische Depression, weitere 18&nbsp;Prozent weisen depressive Verstimmungen wie Niedergeschlagenheit, Antriebslosigkeit oder Traurigkeit auf. Hinzu kommt, dass sich viele Menschen mit Diabetes immer noch Vorurteilen und Stigmatisierung ausgesetzt sehen. Die von diabetesDE&nbsp;&#8211; Deutsche Diabetes-Hilfe ins Leben gerufene Kampagne #SagEsLaut ruft daher alle Menschen mit Diabetes dazu auf, ihre Sorgen und \u00c4ngste rund um das Thema Depression und Stigmatisierung, aber auch ihre Tipps zur Pflege ihrer seelischen Gesundheit zu teilen. <a href=\"https:\/\/www.diabsite.de\/aktuelles\/nachrichten\/2022\/220920.html\" target=\"_blank\" class=\"ds\" title=\"zur Nachricht (neues Fenster)\" rel=\"noopener noreferrer\">Nachricht lesen<\/a><\/p>\n","protected":false},"excerpt":{"rendered":"<p>&num;SagEsLaut macht Sorgen von Menschen mit Typ-2-Diabetes sichtbar Am 23. September ist Herbstanfang und die Tage werden k\u00fcrzer und dunkler: Vielen Menschen schl\u00e4gt die dunkle Jahreszeit aufs Gem\u00fct. F\u00fcr Menschen mit Diabetes kann diese zus\u00e4tzliche Belastung ein Risiko sein: Viele von ihnen empfinden ihre chronische Erkrankung mit t\u00e4glichem Glukosemessen, Medikations- und Insulinanpassung und Anpassung von [&hellip;]<\/p>\n","protected":false},"author":4,"featured_media":0,"comment_status":"open","ping_status":"open","sticky":false,"template":"","format":"standard","meta":{"footnotes":""},"categories":[2],"tags":[11774,11775,92],"_links":{"self":[{"href":"https:\/\/www.diabsite.de\/diabetes-weblog\/wp-json\/wp\/v2\/posts\/58296"}],"collection":[{"href":"https:\/\/www.diabsite.de\/diabetes-weblog\/wp-json\/wp\/v2\/posts"}],"about":[{"href":"https:\/\/www.diabsite.de\/diabetes-weblog\/wp-json\/wp\/v2\/types\/post"}],"author":[{"embeddable":true,"href":"https:\/\/www.diabsite.de\/diabetes-weblog\/wp-json\/wp\/v2\/users\/4"}],"replies":[{"embeddable":true,"href":"https:\/\/www.diabsite.de\/diabetes-weblog\/wp-json\/wp\/v2\/comments?post=58296"}],"version-history":[{"count":4,"href":"https:\/\/www.diabsite.de\/diabetes-weblog\/wp-json\/wp\/v2\/posts\/58296\/revisions"}],"predecessor-version":[{"id":58300,"href":"https:\/\/www.diabsite.de\/diabetes-weblog\/wp-json\/wp\/v2\/posts\/58296\/revisions\/58300"}],"wp:attachment":[{"href":"https:\/\/www.diabsite.de\/diabetes-weblog\/wp-json\/wp\/v2\/media?parent=58296"}],"wp:term":[{"taxonomy":"category","embeddable":true,"href":"https:\/\/www.diabsite.de\/diabetes-weblog\/wp-json\/wp\/v2\/categories?post=58296"},{"taxonomy":"post_tag","embeddable":true,"href":"https:\/\/www.diabsite.de\/diabetes-weblog\/wp-json\/wp\/v2\/tags?post=58296"}],"curies":[{"name":"wp","href":"https:\/\/api.w.org\/{rel}","templated":true}]}}