{"id":58208,"date":"2022-08-20T16:47:14","date_gmt":"2022-08-20T14:47:14","guid":{"rendered":"https:\/\/www.diabsite.de\/diabetes-weblog\/?p=58208"},"modified":"2022-08-27T21:42:53","modified_gmt":"2022-08-27T19:42:53","slug":"schulanfang-mit-diabetes-was-familien-jetzt-beachten-muessen","status":"publish","type":"post","link":"https:\/\/www.diabsite.de\/diabetes-weblog\/2022\/08\/20\/schulanfang-mit-diabetes-was-familien-jetzt-beachten-muessen\/","title":{"rendered":"Schulanfang mit Diabetes&nbsp;&#8211; was Familien jetzt beachten m\u00fcssen"},"content":{"rendered":"<h4>VDBD fordert mehr Unterst\u00fctzung f\u00fcr Kinder mit Diabetes<\/h4>\n<p><a href=\"https:\/\/www.diabsite.de\/aktuelles\/nachrichten\/2022\/220820.html\" target=\"_blank\" class=\"ds\" title=\"zur Nachricht (neues Fenster)\" rel=\"noopener noreferrer\"><img loading=\"lazy\" decoding=\"async\" src=\"https:\/\/www.diabsite.de\/aktuelles\/nachrichten\/2022\/220820.jpg\" class=\"alignright\" width=\"200\" height=\"286\" alt=\"Schult\u00fcte f\u00fcr I-D\u00f6tchen und Schulanfang f\u00fcr alle Sch\u00fclerinnen und Sch\u00fcler.\"><\/a> Derzeit startet in vielen Bundesl\u00e4ndern wieder die Schule. Einige der bundesweit rund 750.000&nbsp;Erstkl\u00e4ssler haben chronische Erkrankungen wie einen Diabetes mellitus Typ&nbsp;1. Die jungen Betroffenen und ihre Angeh\u00f6rigen stehen vor besonderen Herausforderungen: Noch immer gibt es keine verbindlichen Ma\u00dfnahmen, die die Inklusion in der Schule von Kindern mit chronischen Erkrankungen erleichtern. Mitunter werden sie von Klassenfahrten oder sogar allgemein vom Regelunterricht ausgeschlossen. Was Angeh\u00f6rige und Betroffene zum Schulanfang beachten sollten, erkl\u00e4rt der Verband der Diabetes-Beratungs- und Schulungsberufe in Deutschland&nbsp;e.V.&nbsp;(VDBD). Dar\u00fcber hinaus bef\u00fcrwortet er den Einsatz von Schulgesundheitsfachkr\u00e4ften, die bereits in anderen L\u00e4ndern erfolgreich eingesetzt werden. <a href=\"https:\/\/www.diabsite.de\/aktuelles\/nachrichten\/2022\/220820.html\" target=\"_blank\" class=\"ds\" title=\"zur Nachricht (neues Fenster)\" rel=\"noopener noreferrer\">Nachricht lesen<\/a><\/p>\n","protected":false},"excerpt":{"rendered":"<p>VDBD fordert mehr Unterst\u00fctzung f\u00fcr Kinder mit Diabetes Derzeit startet in vielen Bundesl\u00e4ndern wieder die Schule. Einige der bundesweit rund 750.000&nbsp;Erstkl\u00e4ssler haben chronische Erkrankungen wie einen Diabetes mellitus Typ&nbsp;1. Die jungen Betroffenen und ihre Angeh\u00f6rigen stehen vor besonderen Herausforderungen: Noch immer gibt es keine verbindlichen Ma\u00dfnahmen, die die Inklusion in der Schule von Kindern mit [&hellip;]<\/p>\n","protected":false},"author":4,"featured_media":0,"comment_status":"open","ping_status":"open","sticky":false,"template":"","format":"standard","meta":{"footnotes":""},"categories":[2],"tags":[8859,916,122,5313,11742,4764],"_links":{"self":[{"href":"https:\/\/www.diabsite.de\/diabetes-weblog\/wp-json\/wp\/v2\/posts\/58208"}],"collection":[{"href":"https:\/\/www.diabsite.de\/diabetes-weblog\/wp-json\/wp\/v2\/posts"}],"about":[{"href":"https:\/\/www.diabsite.de\/diabetes-weblog\/wp-json\/wp\/v2\/types\/post"}],"author":[{"embeddable":true,"href":"https:\/\/www.diabsite.de\/diabetes-weblog\/wp-json\/wp\/v2\/users\/4"}],"replies":[{"embeddable":true,"href":"https:\/\/www.diabsite.de\/diabetes-weblog\/wp-json\/wp\/v2\/comments?post=58208"}],"version-history":[{"count":4,"href":"https:\/\/www.diabsite.de\/diabetes-weblog\/wp-json\/wp\/v2\/posts\/58208\/revisions"}],"predecessor-version":[{"id":58220,"href":"https:\/\/www.diabsite.de\/diabetes-weblog\/wp-json\/wp\/v2\/posts\/58208\/revisions\/58220"}],"wp:attachment":[{"href":"https:\/\/www.diabsite.de\/diabetes-weblog\/wp-json\/wp\/v2\/media?parent=58208"}],"wp:term":[{"taxonomy":"category","embeddable":true,"href":"https:\/\/www.diabsite.de\/diabetes-weblog\/wp-json\/wp\/v2\/categories?post=58208"},{"taxonomy":"post_tag","embeddable":true,"href":"https:\/\/www.diabsite.de\/diabetes-weblog\/wp-json\/wp\/v2\/tags?post=58208"}],"curies":[{"name":"wp","href":"https:\/\/api.w.org\/{rel}","templated":true}]}}