{"id":58158,"date":"2022-08-04T21:31:33","date_gmt":"2022-08-04T19:31:33","guid":{"rendered":"https:\/\/www.diabsite.de\/diabetes-weblog\/?p=58158"},"modified":"2022-08-04T21:31:33","modified_gmt":"2022-08-04T19:31:33","slug":"post-covid-covid-19-hat-langfristige-folgen-fuer-herz-und-gefaesse","status":"publish","type":"post","link":"https:\/\/www.diabsite.de\/diabetes-weblog\/2022\/08\/04\/post-covid-covid-19-hat-langfristige-folgen-fuer-herz-und-gefaesse\/","title":{"rendered":"Post-Covid: Covid-19 hat langfristige Folgen f\u00fcr Herz und Gef\u00e4\u00dfe"},"content":{"rendered":"<h4>Was ist zu Long-\/Post-Covid mit Blick auf Herz und andere Organe bekannt?<\/h4>\n<p><a href=\"https:\/\/www.diabsite.de\/aktuelles\/nachrichten\/2022\/220804.html\" target=\"_blank\" class=\"ds\" title=\"zur Nachricht (neues Fenster)\" rel=\"noopener noreferrer\"><img loading=\"lazy\" decoding=\"async\" src=\"https:\/\/www.diabsite.de\/aktuelles\/nachrichten\/2022\/220804.jpg\" class=\"alignright\" width=\"200\" height=\"174\" alt=\"Herz, Diabetes, COVID-19\"><\/a> Patienten mit Diabetes und anderen Vorerkrankungen sind f\u00fcr schwere Covid-19-Verl\u00e4ufe besonders gef\u00e4hrdet: Im dritten Jahr der Corona-Pandemie und bei \u00fcber 30&nbsp;Millionen erfassten Covid-19-F\u00e4llen in Deutschland&nbsp;(RKI) zeichnet sich ab, dass viele Betroffene nach einer Infektion mit SARS-CoV-2 noch lange Beschwerden haben wie Herzrasen, Ged\u00e4chtnisprobleme, Muskelschw\u00e4che und -schmerzen sowie l\u00e4hmende Ersch\u00f6pfung. Bis zu 30&nbsp;Prozent der an Covid-19 Erkrankten geben nach der Infektion anhaltende Beschwerden an, die sich an ganz unterschiedlichen Stellen im K\u00f6rper zeigen, auch am Herzen. <a href=\"https:\/\/www.diabsite.de\/aktuelles\/nachrichten\/2022\/220804.html\" target=\"_blank\" class=\"ds\" title=\"zur Nachricht (neues Fenster)\" rel=\"noopener noreferrer\">Nachricht lesen<\/a><\/p>\n","protected":false},"excerpt":{"rendered":"<p>Was ist zu Long-\/Post-Covid mit Blick auf Herz und andere Organe bekannt? Patienten mit Diabetes und anderen Vorerkrankungen sind f\u00fcr schwere Covid-19-Verl\u00e4ufe besonders gef\u00e4hrdet: Im dritten Jahr der Corona-Pandemie und bei \u00fcber 30&nbsp;Millionen erfassten Covid-19-F\u00e4llen in Deutschland&nbsp;(RKI) zeichnet sich ab, dass viele Betroffene nach einer Infektion mit SARS-CoV-2 noch lange Beschwerden haben wie Herzrasen, Ged\u00e4chtnisprobleme, [&hellip;]<\/p>\n","protected":false},"author":4,"featured_media":0,"comment_status":"open","ping_status":"open","sticky":false,"template":"","format":"standard","meta":{"footnotes":""},"categories":[2],"tags":[10258,806,11438,125,11726,11402],"_links":{"self":[{"href":"https:\/\/www.diabsite.de\/diabetes-weblog\/wp-json\/wp\/v2\/posts\/58158"}],"collection":[{"href":"https:\/\/www.diabsite.de\/diabetes-weblog\/wp-json\/wp\/v2\/posts"}],"about":[{"href":"https:\/\/www.diabsite.de\/diabetes-weblog\/wp-json\/wp\/v2\/types\/post"}],"author":[{"embeddable":true,"href":"https:\/\/www.diabsite.de\/diabetes-weblog\/wp-json\/wp\/v2\/users\/4"}],"replies":[{"embeddable":true,"href":"https:\/\/www.diabsite.de\/diabetes-weblog\/wp-json\/wp\/v2\/comments?post=58158"}],"version-history":[{"count":2,"href":"https:\/\/www.diabsite.de\/diabetes-weblog\/wp-json\/wp\/v2\/posts\/58158\/revisions"}],"predecessor-version":[{"id":58160,"href":"https:\/\/www.diabsite.de\/diabetes-weblog\/wp-json\/wp\/v2\/posts\/58158\/revisions\/58160"}],"wp:attachment":[{"href":"https:\/\/www.diabsite.de\/diabetes-weblog\/wp-json\/wp\/v2\/media?parent=58158"}],"wp:term":[{"taxonomy":"category","embeddable":true,"href":"https:\/\/www.diabsite.de\/diabetes-weblog\/wp-json\/wp\/v2\/categories?post=58158"},{"taxonomy":"post_tag","embeddable":true,"href":"https:\/\/www.diabsite.de\/diabetes-weblog\/wp-json\/wp\/v2\/tags?post=58158"}],"curies":[{"name":"wp","href":"https:\/\/api.w.org\/{rel}","templated":true}]}}