{"id":57775,"date":"2022-05-25T20:35:13","date_gmt":"2022-05-25T18:35:13","guid":{"rendered":"https:\/\/www.diabsite.de\/diabetes-weblog\/?p=57775"},"modified":"2022-05-26T08:56:46","modified_gmt":"2022-05-26T06:56:46","slug":"endlich-wieder-diabetes-kongress-vor-ort","status":"publish","type":"post","link":"https:\/\/www.diabsite.de\/diabetes-weblog\/2022\/05\/25\/endlich-wieder-diabetes-kongress-vor-ort\/","title":{"rendered":"Endlich wieder Diabetes-Kongress vor Ort"},"content":{"rendered":"<p><i>Zum Vergr\u00f6\u00dfern bitte auf die Bilder klicken.<\/i><\/p>\n<p><i><a href=\"\/diabetes-weblog\/wp-content\/images\/2022\/220525-diabetes-kongress-2022-gr.jpg\"><img loading=\"lazy\" decoding=\"async\" src=\"\/diabetes-weblog\/wp-content\/images\/2022\/220525-diabetes-kongress-2022.jpg\" class=\"alignright\" width=\"200\" height=\"262\" alt=\"DDG-Fahnen vorm Kongresszentrum\"><\/a> 2019 hat sich die \u201eDiabetes-Familie\u201c zuletzt in Pr\u00e4senz getroffen. 2020 fiel der Kongress wegen der Corona-Pandemie ganz aus, und 2021 fand er ebenfalls wegen Corona nur im Internet statt. Heute startete die 56.&nbsp;Jahrestagung der Deutschen Diabetes Gesellschaft mit zahlreichen Teilnehmerinnen und Teilnehmern hybrid. Viele Fachleute nahmen online teil, noch mehr waren im City Cube Berlin vor Ort. Unter ihnen Helga Uphoff, Redakteurin des Diabetes-Portals DiabSite, die es genoss, die Fahnen vorm Kongresszentrum flattern zusehen. Mehr erfahren Sie hier:<\/i><\/p>\n<p><a href=\"\/diabetes-weblog\/wp-content\/images\/2022\/220525-banti-charly-gr.jpg\"><img loading=\"lazy\" decoding=\"async\" src=\"\/diabetes-weblog\/wp-content\/images\/2022\/220525-banti-charly.jpg\" class=\"alignleft\" width=\"200\" height=\"147\" alt=\"Wenkater des Diabetes-Portals DiabSite\"\/><\/a> Die Fahnen vor dem Kongresszentrum waren sch\u00f6n, aber noch besser war es, all die bekannten Gesichter wiederzusehen. Endlich wieder von Angesicht zu Angesicht mit Diabetes-Experten zu sprechen. Die vielen neuen Eindr\u00fccke haben mich fast erschlagen. Ersch\u00f6pft kam ich am Abend nach Hause und sah meine Webkater Banti und Charly friedlich im Fenster liegen. Gut gef\u00fcttert habe ich heute neben den Webkatern auch meinen Schrittz\u00e4hler, der mir jetzt fast 13.000&nbsp;Schritte anzeigt.<\/p>\n<p>Ich w\u00fcnsche Ihnen und allen Besucher\/innen des Diabetes-Kongresses&nbsp;2022 einen sch\u00f6nen Feiertag!<\/p>\n<p><i>Sie k\u00f6nnen diesen Beitrag kommentieren.<\/i><\/p>\n<p>Ihre Helga Uphoff<\/p>\n","protected":false},"excerpt":{"rendered":"<p>Zum Vergr\u00f6\u00dfern bitte auf die Bilder klicken. 2019 hat sich die \u201eDiabetes-Familie\u201c zuletzt in Pr\u00e4senz getroffen. 2020 fiel der Kongress wegen der Corona-Pandemie ganz aus, und 2021 fand er ebenfalls wegen Corona nur im Internet statt. Heute startete die 56.&nbsp;Jahrestagung der Deutschen Diabetes Gesellschaft mit zahlreichen Teilnehmerinnen und Teilnehmern hybrid. Viele Fachleute nahmen online teil, [&hellip;]<\/p>\n","protected":false},"author":4,"featured_media":0,"comment_status":"open","ping_status":"open","sticky":false,"template":"","format":"standard","meta":{"footnotes":""},"categories":[23],"tags":[],"_links":{"self":[{"href":"https:\/\/www.diabsite.de\/diabetes-weblog\/wp-json\/wp\/v2\/posts\/57775"}],"collection":[{"href":"https:\/\/www.diabsite.de\/diabetes-weblog\/wp-json\/wp\/v2\/posts"}],"about":[{"href":"https:\/\/www.diabsite.de\/diabetes-weblog\/wp-json\/wp\/v2\/types\/post"}],"author":[{"embeddable":true,"href":"https:\/\/www.diabsite.de\/diabetes-weblog\/wp-json\/wp\/v2\/users\/4"}],"replies":[{"embeddable":true,"href":"https:\/\/www.diabsite.de\/diabetes-weblog\/wp-json\/wp\/v2\/comments?post=57775"}],"version-history":[{"count":8,"href":"https:\/\/www.diabsite.de\/diabetes-weblog\/wp-json\/wp\/v2\/posts\/57775\/revisions"}],"predecessor-version":[{"id":57783,"href":"https:\/\/www.diabsite.de\/diabetes-weblog\/wp-json\/wp\/v2\/posts\/57775\/revisions\/57783"}],"wp:attachment":[{"href":"https:\/\/www.diabsite.de\/diabetes-weblog\/wp-json\/wp\/v2\/media?parent=57775"}],"wp:term":[{"taxonomy":"category","embeddable":true,"href":"https:\/\/www.diabsite.de\/diabetes-weblog\/wp-json\/wp\/v2\/categories?post=57775"},{"taxonomy":"post_tag","embeddable":true,"href":"https:\/\/www.diabsite.de\/diabetes-weblog\/wp-json\/wp\/v2\/tags?post=57775"}],"curies":[{"name":"wp","href":"https:\/\/api.w.org\/{rel}","templated":true}]}}