{"id":57752,"date":"2022-05-21T17:49:36","date_gmt":"2022-05-21T15:49:36","guid":{"rendered":"https:\/\/www.diabsite.de\/diabetes-weblog\/?p=57752"},"modified":"2022-05-22T21:57:40","modified_gmt":"2022-05-22T19:57:40","slug":"diabetesde-sucht-das-diabetes-kids-supertalent-2022","status":"publish","type":"post","link":"https:\/\/www.diabsite.de\/diabetes-weblog\/2022\/05\/21\/diabetesde-sucht-das-diabetes-kids-supertalent-2022\/","title":{"rendered":"diabetesDE sucht das &#8222;Diabetes-Kids-Supertalent&#8220;&nbsp;2022"},"content":{"rendered":"<p>Der\/die Gewinner\/in f\u00e4hrt zur Diabetes Charity Gala nach Berlin: diabetesDE \u2013 Deutsche Diabetes-Hilfe veranstaltet am 20.&nbsp;Oktober&nbsp;2022 die elfte Diabetes-Charity-Gala im TIPI am Kanzleramt in Berlin, moderiert von einem Moderatoren-Duo: Harry Wijnvoord, Moderator der legend\u00e4ren Rateshow &#8222;Der Preis ist hei\u00df&#8220;, die in diesem Jahr ihr TV-Revival erlebt, zusammen mit TV- Moderatorin Andrea Ballschuh. Im Mittelpunkt der Gala stehen Menschen mit Diabetes und karitative Projekte zur Diabetesversorgung und -pr\u00e4vention, f\u00fcr die traditionell Spenden eingeworben werden. Die gemeinn\u00fctzige Gesundheitsorganisation k\u00fcrt gemeinsam mit dem Internetportal Diabetes-Kids und der Zeitschrift Diabetes-Eltern-Journal im Rahmen der Gala auch wieder das Supertalent unter Kindern mit Diabetes mellitus. <a href=\"https:\/\/www.diabsite.de\/aktuelles\/nachrichten\/2022\/220521.html\" target=\"_blank\" class=\"ds\" title=\"zur Nachricht (neues Fenster)\" rel=\"noopener noreferrer\">Nachricht lesen<\/a><\/p>\n","protected":false},"excerpt":{"rendered":"<p>Der\/die Gewinner\/in f\u00e4hrt zur Diabetes Charity Gala nach Berlin: diabetesDE \u2013 Deutsche Diabetes-Hilfe veranstaltet am 20.&nbsp;Oktober&nbsp;2022 die elfte Diabetes-Charity-Gala im TIPI am Kanzleramt in Berlin, moderiert von einem Moderatoren-Duo: Harry Wijnvoord, Moderator der legend\u00e4ren Rateshow &#8222;Der Preis ist hei\u00df&#8220;, die in diesem Jahr ihr TV-Revival erlebt, zusammen mit TV- Moderatorin Andrea Ballschuh. Im Mittelpunkt der [&hellip;]<\/p>\n","protected":false},"author":4,"featured_media":0,"comment_status":"open","ping_status":"open","sticky":false,"template":"","format":"standard","meta":{"footnotes":""},"categories":[2],"tags":[682,2122,806,369,374,122],"_links":{"self":[{"href":"https:\/\/www.diabsite.de\/diabetes-weblog\/wp-json\/wp\/v2\/posts\/57752"}],"collection":[{"href":"https:\/\/www.diabsite.de\/diabetes-weblog\/wp-json\/wp\/v2\/posts"}],"about":[{"href":"https:\/\/www.diabsite.de\/diabetes-weblog\/wp-json\/wp\/v2\/types\/post"}],"author":[{"embeddable":true,"href":"https:\/\/www.diabsite.de\/diabetes-weblog\/wp-json\/wp\/v2\/users\/4"}],"replies":[{"embeddable":true,"href":"https:\/\/www.diabsite.de\/diabetes-weblog\/wp-json\/wp\/v2\/comments?post=57752"}],"version-history":[{"count":1,"href":"https:\/\/www.diabsite.de\/diabetes-weblog\/wp-json\/wp\/v2\/posts\/57752\/revisions"}],"predecessor-version":[{"id":57753,"href":"https:\/\/www.diabsite.de\/diabetes-weblog\/wp-json\/wp\/v2\/posts\/57752\/revisions\/57753"}],"wp:attachment":[{"href":"https:\/\/www.diabsite.de\/diabetes-weblog\/wp-json\/wp\/v2\/media?parent=57752"}],"wp:term":[{"taxonomy":"category","embeddable":true,"href":"https:\/\/www.diabsite.de\/diabetes-weblog\/wp-json\/wp\/v2\/categories?post=57752"},{"taxonomy":"post_tag","embeddable":true,"href":"https:\/\/www.diabsite.de\/diabetes-weblog\/wp-json\/wp\/v2\/tags?post=57752"}],"curies":[{"name":"wp","href":"https:\/\/api.w.org\/{rel}","templated":true}]}}