{"id":573,"date":"2006-03-03T22:54:12","date_gmt":"2006-03-03T21:54:12","guid":{"rendered":"http:\/\/www.diabsite.de\/diabetes-weblog\/2006\/03\/07\/uniklinikum-jena-ladt-in-gesundheitswoche-zum-diabetikertag\/"},"modified":"2006-03-07T08:34:59","modified_gmt":"2006-03-07T07:34:59","slug":"uniklinikum-jena-ladt-in-gesundheitswoche-zum-diabetikertag","status":"publish","type":"post","link":"https:\/\/www.diabsite.de\/diabetes-weblog\/2006\/03\/03\/uniklinikum-jena-ladt-in-gesundheitswoche-zum-diabetikertag\/","title":{"rendered":"Uniklinikum Jena l\u00e4dt in Gesundheitswoche zum Diabetikertag"},"content":{"rendered":"<p>Diabetesspezialisten bieten am 10. M\u00e4rz Vortr\u00e4ge und Seminare rund um die Volkskrankheit. Im Klinikum Bachstra\u00dfe werden zwischen 15.00&nbsp;Uhr und 18.00&nbsp;Uhr Mitarbeiter der Klinken f\u00fcr Innere Medizin, Geburtshilfe, Kinder- und Jugendmedizin, der Augenklinik und des Institutes f\u00fcr Medizinische Psychologie aktuellen Fragen rund um die h\u00e4ufige Volkskrankheit nachgehen. Im Mittelpunkt stehen dabei nicht nur die Diabetes-Erkrankung und die Frage, welche neuen Therapien zu erwarten sind, sondern auch die mit der Zuckerkrankheit verbundenen Gesundheitsrisiken und Folgeerkrankungen. <a href=\"https:\/\/www.diabsite.de\/aktuelles\/nachrichten\/2006\/060303b.html\" target=\"_blank\">Nachricht lesen<\/a><\/p>\n","protected":false},"excerpt":{"rendered":"<p>Diabetesspezialisten bieten am 10. M\u00e4rz Vortr\u00e4ge und Seminare rund um die Volkskrankheit. Im Klinikum Bachstra\u00dfe werden zwischen 15.00&nbsp;Uhr und 18.00&nbsp;Uhr Mitarbeiter der Klinken f\u00fcr Innere Medizin, Geburtshilfe, Kinder- und Jugendmedizin, der Augenklinik und des Institutes f\u00fcr Medizinische Psychologie aktuellen Fragen rund um die h\u00e4ufige Volkskrankheit nachgehen. Im Mittelpunkt stehen dabei nicht nur die Diabetes-Erkrankung und [&hellip;]<\/p>\n","protected":false},"author":4,"featured_media":0,"comment_status":"closed","ping_status":"open","sticky":false,"template":"","format":"standard","meta":{"footnotes":""},"categories":[2],"tags":[],"_links":{"self":[{"href":"https:\/\/www.diabsite.de\/diabetes-weblog\/wp-json\/wp\/v2\/posts\/573"}],"collection":[{"href":"https:\/\/www.diabsite.de\/diabetes-weblog\/wp-json\/wp\/v2\/posts"}],"about":[{"href":"https:\/\/www.diabsite.de\/diabetes-weblog\/wp-json\/wp\/v2\/types\/post"}],"author":[{"embeddable":true,"href":"https:\/\/www.diabsite.de\/diabetes-weblog\/wp-json\/wp\/v2\/users\/4"}],"replies":[{"embeddable":true,"href":"https:\/\/www.diabsite.de\/diabetes-weblog\/wp-json\/wp\/v2\/comments?post=573"}],"version-history":[{"count":0,"href":"https:\/\/www.diabsite.de\/diabetes-weblog\/wp-json\/wp\/v2\/posts\/573\/revisions"}],"wp:attachment":[{"href":"https:\/\/www.diabsite.de\/diabetes-weblog\/wp-json\/wp\/v2\/media?parent=573"}],"wp:term":[{"taxonomy":"category","embeddable":true,"href":"https:\/\/www.diabsite.de\/diabetes-weblog\/wp-json\/wp\/v2\/categories?post=573"},{"taxonomy":"post_tag","embeddable":true,"href":"https:\/\/www.diabsite.de\/diabetes-weblog\/wp-json\/wp\/v2\/tags?post=573"}],"curies":[{"name":"wp","href":"https:\/\/api.w.org\/{rel}","templated":true}]}}