{"id":56937,"date":"2021-11-28T17:53:00","date_gmt":"2021-11-28T16:53:00","guid":{"rendered":"https:\/\/www.diabsite.de\/diabetes-weblog\/?p=56937"},"modified":"2021-11-29T20:19:44","modified_gmt":"2021-11-29T19:19:44","slug":"zu-wenig-gewagt","status":"publish","type":"post","link":"https:\/\/www.diabsite.de\/diabetes-weblog\/2021\/11\/28\/zu-wenig-gewagt\/","title":{"rendered":"Zu wenig gewagt"},"content":{"rendered":"<p><a href=\"https:\/\/www.diabsite.de\/aktuelles\/nachrichten\/2021\/211128.html\" target=\"_blank\" class=\"ds\" title=\"zur Nachricht (neues Fenster)\" rel=\"noopener noreferrer\"><img loading=\"lazy\" decoding=\"async\" src=\"https:\/\/www.diabsite.de\/aktuelles\/nachrichten\/2021\/211128.jpg\" class=\"alignright\" width=\"200\" height=\"150\" alt=\"Ampel-Koalition\u00e4re bleiben bei der Bek\u00e4mpfung der Volkskrankheit Diabetes unkonkret und mutlos\"\/><\/a> Ampel-Koalition\u00e4re bleiben bei der Bek\u00e4mpfung der Volkskrankheit Diabetes unkonkret und mutlos: Die Deutsche Diabetes Gesellschaft&nbsp;(DDG) begr\u00fc\u00dft das geplante Register- und Forschungsdatengesetz der k\u00fcnftigen Bundesregierung, das helfen soll, bestehende Versorgungsprobleme durch Digitalisierung besser zu l\u00f6sen. Auch die Weiterentwicklung des Pr\u00e4ventionsgesetzes und die angek\u00fcndigte St\u00e4rkung der Prim\u00e4r- und Sekund\u00e4rpr\u00e4vention wird von der medizinisch-wissenschaftlichen Fachgesellschaft positiv bewertet. Die Ank\u00fcndigung eines Werbeverbotes f\u00fcr ungesunde Kinderlebensmittel sei ein wichtiger erster Schritt, doch fehle es den Koalition\u00e4ren an Mut: Vor einem wichtigen Hebel zur Vorbeugung von Krankheiten wie Diabetes und Adipositas, einer &#8222;Zuckersteuer&#8220;, ist die Ampel zur\u00fcckgeschreckt. Auch von der von der Vorg\u00e4ngerregierung verabschiedeten Nationalen Diabetesstrategie ist im Koalitionsvertrag keine Rede, was angesichts der \u00fcber acht Millionen Betroffenen und dem gro\u00dfen Handlungsdruck unverst\u00e4ndlich&nbsp;ist. <a href=\"https:\/\/www.diabsite.de\/aktuelles\/nachrichten\/2021\/211128.html\" target=\"_blank\" class=\"ds\" title=\"zur Nachricht (neues Fenster)\" rel=\"noopener noreferrer\">Nachricht lesen<\/a><\/p>\n","protected":false},"excerpt":{"rendered":"<p>Ampel-Koalition\u00e4re bleiben bei der Bek\u00e4mpfung der Volkskrankheit Diabetes unkonkret und mutlos: Die Deutsche Diabetes Gesellschaft&nbsp;(DDG) begr\u00fc\u00dft das geplante Register- und Forschungsdatengesetz der k\u00fcnftigen Bundesregierung, das helfen soll, bestehende Versorgungsprobleme durch Digitalisierung besser zu l\u00f6sen. Auch die Weiterentwicklung des Pr\u00e4ventionsgesetzes und die angek\u00fcndigte St\u00e4rkung der Prim\u00e4r- und Sekund\u00e4rpr\u00e4vention wird von der medizinisch-wissenschaftlichen Fachgesellschaft positiv bewertet. Die [&hellip;]<\/p>\n","protected":false},"author":4,"featured_media":0,"comment_status":"open","ping_status":"open","sticky":false,"template":"","format":"standard","meta":{"footnotes":""},"categories":[2],"tags":[11300,11317,11318,782],"_links":{"self":[{"href":"https:\/\/www.diabsite.de\/diabetes-weblog\/wp-json\/wp\/v2\/posts\/56937"}],"collection":[{"href":"https:\/\/www.diabsite.de\/diabetes-weblog\/wp-json\/wp\/v2\/posts"}],"about":[{"href":"https:\/\/www.diabsite.de\/diabetes-weblog\/wp-json\/wp\/v2\/types\/post"}],"author":[{"embeddable":true,"href":"https:\/\/www.diabsite.de\/diabetes-weblog\/wp-json\/wp\/v2\/users\/4"}],"replies":[{"embeddable":true,"href":"https:\/\/www.diabsite.de\/diabetes-weblog\/wp-json\/wp\/v2\/comments?post=56937"}],"version-history":[{"count":2,"href":"https:\/\/www.diabsite.de\/diabetes-weblog\/wp-json\/wp\/v2\/posts\/56937\/revisions"}],"predecessor-version":[{"id":56940,"href":"https:\/\/www.diabsite.de\/diabetes-weblog\/wp-json\/wp\/v2\/posts\/56937\/revisions\/56940"}],"wp:attachment":[{"href":"https:\/\/www.diabsite.de\/diabetes-weblog\/wp-json\/wp\/v2\/media?parent=56937"}],"wp:term":[{"taxonomy":"category","embeddable":true,"href":"https:\/\/www.diabsite.de\/diabetes-weblog\/wp-json\/wp\/v2\/categories?post=56937"},{"taxonomy":"post_tag","embeddable":true,"href":"https:\/\/www.diabsite.de\/diabetes-weblog\/wp-json\/wp\/v2\/tags?post=56937"}],"curies":[{"name":"wp","href":"https:\/\/api.w.org\/{rel}","templated":true}]}}