{"id":56913,"date":"2021-11-25T17:01:28","date_gmt":"2021-11-25T16:01:28","guid":{"rendered":"https:\/\/www.diabsite.de\/diabetes-weblog\/?p=56913"},"modified":"2021-11-26T19:09:02","modified_gmt":"2021-11-26T18:09:02","slug":"gesundheitsfoerderung-positiv-aber-zuckersteuer-fehlt","status":"publish","type":"post","link":"https:\/\/www.diabsite.de\/diabetes-weblog\/2021\/11\/25\/gesundheitsfoerderung-positiv-aber-zuckersteuer-fehlt\/","title":{"rendered":"Gesundheitsf\u00f6rderung positiv, aber Zuckersteuer fehlt"},"content":{"rendered":"<p><a href=\"https:\/\/www.diabsite.de\/aktuelles\/nachrichten\/2021\/211125.html\" target=\"_blank\" class=\"ds\" title=\"zur Nachricht (neues Fenster)\" rel=\"noopener noreferrer\"><img loading=\"lazy\" decoding=\"async\" src=\"https:\/\/www.diabsite.de\/aktuelles\/nachrichten\/2021\/211125.jpg\" class=\"alignright\" width=\"200\" height=\"136\" alt=\"Diabetes-Organisationen fordern eine Steuer auf ZUcker.\"\/><\/a> Diese Ampel hat ern\u00e4hrungspolitisch eine gelbe F\u00e4rbung: Die gemeinn\u00fctzige Gesundheitsorganisation diabetesDE&nbsp;&#8211; Deutsche Diabetes-Hilfe und der Landesverband&nbsp;NRW der Deutschen Diabetes-Hilfe&nbsp;&#8211; Menschen mit Diabetes&nbsp;(DDH-M) begr\u00fc\u00dfen das im Koalitionsvertrag der neuen Regierung genannte Vorhaben eines Nationalen Pr\u00e4ventionsplans, der unter anderem konkrete Ma\u00dfnahmenpakete zu Diabetes vorsieht. Auch die Entscheidung, die Patientenvertretung mit einer Reform des Gemeinsamen Bundesausschusses&nbsp;(G-BA) zu st\u00e4rken, sehen die Organisationen positiv. Angesichts der aktuell 8,5&nbsp;Millionen betroffenen Menschen mit Diabetes und der Zahl von 1700 t\u00e4glichen Neuerkrankungen ist es allerdings unverst\u00e4ndlich, dass die Zuckersteuer wohl in letzter Minute auf Einwirkung der FDP gestrichen wurde. <a href=\"https:\/\/www.diabsite.de\/aktuelles\/nachrichten\/2021\/211125.html\" target=\"_blank\" class=\"ds\" title=\"zur Nachricht (neues Fenster)\" rel=\"noopener noreferrer\">Nachricht lesen<\/a><\/p>\n","protected":false},"excerpt":{"rendered":"<p>Diese Ampel hat ern\u00e4hrungspolitisch eine gelbe F\u00e4rbung: Die gemeinn\u00fctzige Gesundheitsorganisation diabetesDE&nbsp;&#8211; Deutsche Diabetes-Hilfe und der Landesverband&nbsp;NRW der Deutschen Diabetes-Hilfe&nbsp;&#8211; Menschen mit Diabetes&nbsp;(DDH-M) begr\u00fc\u00dfen das im Koalitionsvertrag der neuen Regierung genannte Vorhaben eines Nationalen Pr\u00e4ventionsplans, der unter anderem konkrete Ma\u00dfnahmenpakete zu Diabetes vorsieht. Auch die Entscheidung, die Patientenvertretung mit einer Reform des Gemeinsamen Bundesausschusses&nbsp;(G-BA) zu st\u00e4rken, [&hellip;]<\/p>\n","protected":false},"author":4,"featured_media":0,"comment_status":"open","ping_status":"open","sticky":false,"template":"","format":"standard","meta":{"footnotes":""},"categories":[2],"tags":[11310,1404,11309,2917,11311,4715],"_links":{"self":[{"href":"https:\/\/www.diabsite.de\/diabetes-weblog\/wp-json\/wp\/v2\/posts\/56913"}],"collection":[{"href":"https:\/\/www.diabsite.de\/diabetes-weblog\/wp-json\/wp\/v2\/posts"}],"about":[{"href":"https:\/\/www.diabsite.de\/diabetes-weblog\/wp-json\/wp\/v2\/types\/post"}],"author":[{"embeddable":true,"href":"https:\/\/www.diabsite.de\/diabetes-weblog\/wp-json\/wp\/v2\/users\/4"}],"replies":[{"embeddable":true,"href":"https:\/\/www.diabsite.de\/diabetes-weblog\/wp-json\/wp\/v2\/comments?post=56913"}],"version-history":[{"count":2,"href":"https:\/\/www.diabsite.de\/diabetes-weblog\/wp-json\/wp\/v2\/posts\/56913\/revisions"}],"predecessor-version":[{"id":56917,"href":"https:\/\/www.diabsite.de\/diabetes-weblog\/wp-json\/wp\/v2\/posts\/56913\/revisions\/56917"}],"wp:attachment":[{"href":"https:\/\/www.diabsite.de\/diabetes-weblog\/wp-json\/wp\/v2\/media?parent=56913"}],"wp:term":[{"taxonomy":"category","embeddable":true,"href":"https:\/\/www.diabsite.de\/diabetes-weblog\/wp-json\/wp\/v2\/categories?post=56913"},{"taxonomy":"post_tag","embeddable":true,"href":"https:\/\/www.diabsite.de\/diabetes-weblog\/wp-json\/wp\/v2\/tags?post=56913"}],"curies":[{"name":"wp","href":"https:\/\/api.w.org\/{rel}","templated":true}]}}