{"id":56888,"date":"2021-11-20T13:20:49","date_gmt":"2021-11-20T12:20:49","guid":{"rendered":"https:\/\/www.diabsite.de\/diabetes-weblog\/?p=56888"},"modified":"2021-11-21T21:29:02","modified_gmt":"2021-11-21T20:29:02","slug":"deutsche-diabetes-gesellschaft-ddg-zum-zwischenergebnis-des-koalitionsvertrags-bzgl-ernaehrungspolitik","status":"publish","type":"post","link":"https:\/\/www.diabsite.de\/diabetes-weblog\/2021\/11\/20\/deutsche-diabetes-gesellschaft-ddg-zum-zwischenergebnis-des-koalitionsvertrags-bzgl-ernaehrungspolitik\/","title":{"rendered":"Deutsche Diabetes Gesellschaft&nbsp;(DDG) zum Zwischenergebnis des Koalitionsvertrags bzgl.&nbsp;Ern\u00e4hrungspolitik"},"content":{"rendered":"<p><a href=\"https:\/\/www.diabsite.de\/aktuelles\/nachrichten\/2021\/211120.html\" target=\"_blank\" class=\"ds\" title=\"zur Nachricht (neues Fenster)\" rel=\"noopener noreferrer\"><img loading=\"lazy\" decoding=\"async\" src=\"https:\/\/www.diabsite.de\/aktuelles\/nachrichten\/2021\/211120.jpg\" class=\"alignright\" width=\"200\" height=\"204\" alt=\"Barbara Bitzer, Gesch\u00e4ftsf\u00fchrerin der Deutschen Diabetes Gesellschaft.\"\/><\/a> Barbara Bitzer kommentiert: Zum durchgesickerten Zwischenergebnis des Koalitionsvertrags bez\u00fcglich Ern\u00e4hrungspolitik kommentiert Barbara Bitzer, Gesch\u00e4ftsf\u00fchrerin der Deutschen Diabetes Gesellschaft, die auch Sprecherin der Deutschen Allianz Nicht\u00fcbertragbarer Krankheiten&nbsp;ist: <a href=\"https:\/\/www.diabsite.de\/aktuelles\/nachrichten\/2021\/211120.html\" target=\"_blank\" class=\"ds\" title=\"zur Nachricht (neues Fenster)\" rel=\"noopener noreferrer\">Nachricht lesen<\/a><\/p>\n","protected":false},"excerpt":{"rendered":"<p>Barbara Bitzer kommentiert: Zum durchgesickerten Zwischenergebnis des Koalitionsvertrags bez\u00fcglich Ern\u00e4hrungspolitik kommentiert Barbara Bitzer, Gesch\u00e4ftsf\u00fchrerin der Deutschen Diabetes Gesellschaft, die auch Sprecherin der Deutschen Allianz Nicht\u00fcbertragbarer Krankheiten&nbsp;ist: Nachricht lesen<\/p>\n","protected":false},"author":4,"featured_media":0,"comment_status":"open","ping_status":"open","sticky":false,"template":"","format":"standard","meta":{"footnotes":""},"categories":[2],"tags":[11300,483,1308,2917,4715,11301],"_links":{"self":[{"href":"https:\/\/www.diabsite.de\/diabetes-weblog\/wp-json\/wp\/v2\/posts\/56888"}],"collection":[{"href":"https:\/\/www.diabsite.de\/diabetes-weblog\/wp-json\/wp\/v2\/posts"}],"about":[{"href":"https:\/\/www.diabsite.de\/diabetes-weblog\/wp-json\/wp\/v2\/types\/post"}],"author":[{"embeddable":true,"href":"https:\/\/www.diabsite.de\/diabetes-weblog\/wp-json\/wp\/v2\/users\/4"}],"replies":[{"embeddable":true,"href":"https:\/\/www.diabsite.de\/diabetes-weblog\/wp-json\/wp\/v2\/comments?post=56888"}],"version-history":[{"count":2,"href":"https:\/\/www.diabsite.de\/diabetes-weblog\/wp-json\/wp\/v2\/posts\/56888\/revisions"}],"predecessor-version":[{"id":56890,"href":"https:\/\/www.diabsite.de\/diabetes-weblog\/wp-json\/wp\/v2\/posts\/56888\/revisions\/56890"}],"wp:attachment":[{"href":"https:\/\/www.diabsite.de\/diabetes-weblog\/wp-json\/wp\/v2\/media?parent=56888"}],"wp:term":[{"taxonomy":"category","embeddable":true,"href":"https:\/\/www.diabsite.de\/diabetes-weblog\/wp-json\/wp\/v2\/categories?post=56888"},{"taxonomy":"post_tag","embeddable":true,"href":"https:\/\/www.diabsite.de\/diabetes-weblog\/wp-json\/wp\/v2\/tags?post=56888"}],"curies":[{"name":"wp","href":"https:\/\/api.w.org\/{rel}","templated":true}]}}