{"id":56829,"date":"2021-11-12T20:52:38","date_gmt":"2021-11-12T19:52:38","guid":{"rendered":"https:\/\/www.diabsite.de\/diabetes-weblog\/?p=56829"},"modified":"2021-11-12T20:52:38","modified_gmt":"2021-11-12T19:52:38","slug":"was-haben-sie-am-2-blauen-freitag-zum-weltdiabetestag-gemacht","status":"publish","type":"post","link":"https:\/\/www.diabsite.de\/diabetes-weblog\/2021\/11\/12\/was-haben-sie-am-2-blauen-freitag-zum-weltdiabetestag-gemacht\/","title":{"rendered":"Was haben Sie am 2. blauen Freitag zum Weltdiabetestag gemacht?"},"content":{"rendered":"<p><img loading=\"lazy\" decoding=\"async\" class=\"alignright\" src=\"https:\/\/www.diabsite.de\/_img\/grafics\/blue-fridays-200.jpg\" width=\"200\" height=\"152\" alt=\"Blaue Freitage zum Weltdiabetestag\"\/> Wir haben ihn nicht vergessen, aber daf\u00fcr technische Probleme auf der DiabSite gel\u00f6st. Das war sehr zeitaufwendig. Und Sie? Haben Sie den 2.&nbsp;Blue Friday im November genutzt, um den Diabetes mellitus ins Bewusstsein der \u00d6ffentlichkeit zu bringen? Haben Sie blaue Kleidung getragen und Menschen auf der Stra\u00dfe \u00fcber Diabetes informiert? Nutzen Sie im Diabetes-Monat November jede Gelegenheit zur Aufkl\u00e4rung. Das gilt jetzt f\u00fcr Menschen mit und ohne Diabetes. Wir w\u00fcnschen allen Besucher\/innen ein sch\u00f6nes Wochenende und einen erfolgreichen blauen Freitag!<\/p>\n","protected":false},"excerpt":{"rendered":"<p>Wir haben ihn nicht vergessen, aber daf\u00fcr technische Probleme auf der DiabSite gel\u00f6st. Das war sehr zeitaufwendig. Und Sie? Haben Sie den 2.&nbsp;Blue Friday im November genutzt, um den Diabetes mellitus ins Bewusstsein der \u00d6ffentlichkeit zu bringen? Haben Sie blaue Kleidung getragen und Menschen auf der Stra\u00dfe \u00fcber Diabetes informiert? Nutzen Sie im Diabetes-Monat November [&hellip;]<\/p>\n","protected":false},"author":4,"featured_media":0,"comment_status":"open","ping_status":"open","sticky":false,"template":"","format":"standard","meta":{"footnotes":""},"categories":[1],"tags":[2962,11283,5522,588],"_links":{"self":[{"href":"https:\/\/www.diabsite.de\/diabetes-weblog\/wp-json\/wp\/v2\/posts\/56829"}],"collection":[{"href":"https:\/\/www.diabsite.de\/diabetes-weblog\/wp-json\/wp\/v2\/posts"}],"about":[{"href":"https:\/\/www.diabsite.de\/diabetes-weblog\/wp-json\/wp\/v2\/types\/post"}],"author":[{"embeddable":true,"href":"https:\/\/www.diabsite.de\/diabetes-weblog\/wp-json\/wp\/v2\/users\/4"}],"replies":[{"embeddable":true,"href":"https:\/\/www.diabsite.de\/diabetes-weblog\/wp-json\/wp\/v2\/comments?post=56829"}],"version-history":[{"count":1,"href":"https:\/\/www.diabsite.de\/diabetes-weblog\/wp-json\/wp\/v2\/posts\/56829\/revisions"}],"predecessor-version":[{"id":56830,"href":"https:\/\/www.diabsite.de\/diabetes-weblog\/wp-json\/wp\/v2\/posts\/56829\/revisions\/56830"}],"wp:attachment":[{"href":"https:\/\/www.diabsite.de\/diabetes-weblog\/wp-json\/wp\/v2\/media?parent=56829"}],"wp:term":[{"taxonomy":"category","embeddable":true,"href":"https:\/\/www.diabsite.de\/diabetes-weblog\/wp-json\/wp\/v2\/categories?post=56829"},{"taxonomy":"post_tag","embeddable":true,"href":"https:\/\/www.diabsite.de\/diabetes-weblog\/wp-json\/wp\/v2\/tags?post=56829"}],"curies":[{"name":"wp","href":"https:\/\/api.w.org\/{rel}","templated":true}]}}