{"id":56804,"date":"2021-11-06T16:59:34","date_gmt":"2021-11-06T15:59:34","guid":{"rendered":"https:\/\/www.diabsite.de\/diabetes-weblog\/?p=56804"},"modified":"2021-11-06T21:47:44","modified_gmt":"2021-11-06T20:47:44","slug":"blaue-freitage-zum-weltdiabetestag","status":"publish","type":"post","link":"https:\/\/www.diabsite.de\/diabetes-weblog\/2021\/11\/06\/blaue-freitage-zum-weltdiabetestag\/","title":{"rendered":"Blaue Freitage zum Weltdiabetestag"},"content":{"rendered":"<h4>Gestern war der 1. Blaue Freitag zum Weltdiabetestag&nbsp;2021<\/h4>\n<p><img loading=\"lazy\" decoding=\"async\" class=\"alignright\" src=\"https:\/\/www.diabsite.de\/_img\/grafics\/blue-fridays-200.jpg\" width=\"200\" height=\"152\" alt=\"Blaue Freitage zum Weltdiabetestag\"\/> Ups! Haben auch Sie gestern den blauen Freitag vergessen? Wir von der DiabSite hatten ihn leider nicht auf dem Schirm. Uns ist auch niemand begegnet, der oder die auf den Diabetes hingewiesen hat. Anders als zur Wahl standen auch keine Plakate am Stra\u00dfenrand. Niemand hat auf das Thema aufmerksam gemacht. Wie schade! Am kommenden Freitag wird das anders. Dann werden Sie und wir ein Zeichen f\u00fcr den Diabetes mellitus setzen, blaue Kleidung tragen und Menschen fragen, was ihnen zum Diabetes einf\u00e4llt. In \u00f6ffentlichen Verkehrmitteln, beim Einkaufen oder am Arbeitsplatz k\u00f6nnen wir \u00fcber die Stoffwechselkrankheit Diabetes informieren. Und genau das ist angesichts der rasant steigenden Zahl der Menschen mit Diabetes wichtig.<\/p>\n","protected":false},"excerpt":{"rendered":"<p>Gestern war der 1. Blaue Freitag zum Weltdiabetestag&nbsp;2021 Ups! Haben auch Sie gestern den blauen Freitag vergessen? Wir von der DiabSite hatten ihn leider nicht auf dem Schirm. Uns ist auch niemand begegnet, der oder die auf den Diabetes hingewiesen hat. Anders als zur Wahl standen auch keine Plakate am Stra\u00dfenrand. Niemand hat auf das [&hellip;]<\/p>\n","protected":false},"author":4,"featured_media":0,"comment_status":"open","ping_status":"open","sticky":false,"template":"","format":"standard","meta":{"footnotes":""},"categories":[1],"tags":[11276,9913,24,11277,198,588],"_links":{"self":[{"href":"https:\/\/www.diabsite.de\/diabetes-weblog\/wp-json\/wp\/v2\/posts\/56804"}],"collection":[{"href":"https:\/\/www.diabsite.de\/diabetes-weblog\/wp-json\/wp\/v2\/posts"}],"about":[{"href":"https:\/\/www.diabsite.de\/diabetes-weblog\/wp-json\/wp\/v2\/types\/post"}],"author":[{"embeddable":true,"href":"https:\/\/www.diabsite.de\/diabetes-weblog\/wp-json\/wp\/v2\/users\/4"}],"replies":[{"embeddable":true,"href":"https:\/\/www.diabsite.de\/diabetes-weblog\/wp-json\/wp\/v2\/comments?post=56804"}],"version-history":[{"count":5,"href":"https:\/\/www.diabsite.de\/diabetes-weblog\/wp-json\/wp\/v2\/posts\/56804\/revisions"}],"predecessor-version":[{"id":56810,"href":"https:\/\/www.diabsite.de\/diabetes-weblog\/wp-json\/wp\/v2\/posts\/56804\/revisions\/56810"}],"wp:attachment":[{"href":"https:\/\/www.diabsite.de\/diabetes-weblog\/wp-json\/wp\/v2\/media?parent=56804"}],"wp:term":[{"taxonomy":"category","embeddable":true,"href":"https:\/\/www.diabsite.de\/diabetes-weblog\/wp-json\/wp\/v2\/categories?post=56804"},{"taxonomy":"post_tag","embeddable":true,"href":"https:\/\/www.diabsite.de\/diabetes-weblog\/wp-json\/wp\/v2\/tags?post=56804"}],"curies":[{"name":"wp","href":"https:\/\/api.w.org\/{rel}","templated":true}]}}