{"id":56762,"date":"2021-10-23T16:55:04","date_gmt":"2021-10-23T14:55:04","guid":{"rendered":"https:\/\/www.diabsite.de\/diabetes-weblog\/?p=56762"},"modified":"2021-10-24T21:12:33","modified_gmt":"2021-10-24T19:12:33","slug":"beginnt-die-vierte-corona-welle-erst-jetzt-so-richtig","status":"publish","type":"post","link":"https:\/\/www.diabsite.de\/diabetes-weblog\/2021\/10\/23\/beginnt-die-vierte-corona-welle-erst-jetzt-so-richtig\/","title":{"rendered":"Beginnt die vierte Corona-Welle erst jetzt so richtig?"},"content":{"rendered":"<p><a href=\"https:\/\/diabsite.de\/diabetes\/tipps\/coronavirus-covid-19.html\" target=\"_blank\" class=\"ds\" title=\"zum Diabetes-Tipp (neues Fenster)\" rel=\"noopener noreferrer\"><img loading=\"lazy\" decoding=\"async\" class=\"alignright\" src=\"https:\/\/www.diabsite.de\/diabetes-weblog\/wp-content\/images\/diabetes\/coronavirus-diabetes.jpg\" width=\"200\" height=\"150\" alt=\"Diabetes und das Coronavirus SARS-CoV-2\" \/><\/a> Das Robert-Koch-Institut&nbsp;(RKI) warnt vor einem beschleunigten Anstieg der Fallzahlen von SARS-CoV-2. Erstmals seit Mai&nbsp;2021 liegt die Inzidenz der letzten 7&nbsp;Tage \u00fcber 90&nbsp;F\u00e4lle pro 100.000&nbsp;Einwohner. Trotz hoher Impfquote ist die Pandemie offensichtlich nicht \u00fcberstanden. Auch Intensivmediziner sind besorgt, weil Pflegepersonal f\u00fcr vorhandene Intensivbetten fehlt. Was hei\u00dft das f\u00fcr jeden Einzelnen und vor allem f\u00fcr Menschen mit Diabetes? Trotz anders lautender Ank\u00fcndigung von Gesundheitsminister Jens Span sollten Geimpfte und Nichtgeimpfte die allgemeinen Vorsichtsma\u00dfnahmen weiterhin einhalten. Das gilt nicht nur f\u00fcr Diabetiker\/innen. Ungeimpfte k\u00f6nnen Corona- und Grippeimpfung \u00fcbrigens mit einem Arztbesuch erledigen. Da die 4.&nbsp;Welle eigentlich jetzt erst begonnen hat und an Fahrt aufnimmt, r\u00e4t das Diabetes-Portal DiabSite zur Drittimpfung. Sie ist fr\u00fchestens sechs Monate nach der 2.&nbsp;Impfung m\u00f6glich. Experten empfehlen eine &#8222;Kreuzimpfung&#8220;, d.&nbsp;h.: Auf zweimal mRNA-Impfstoff folgt ein Vektor-Impfstoff und umgekehrt. Hinweise zu Vorbeugung einer COVID-19-Erkrankung und mehr bietet die DiabSite unter: <a href=\"https:\/\/www.diabsite.de\/diabetes\/tipps\/coronavirus-covid-19.html\" target=\"_blank\" class=\"ds\" title=\"neues Fenster\" rel=\"noopener noreferrer\">Diabetes und das Coronavirus SARS-CoV-2<\/a>. Bleiben Sie so gesund wie m\u00f6glich!<\/p>\n","protected":false},"excerpt":{"rendered":"<p>Das Robert-Koch-Institut&nbsp;(RKI) warnt vor einem beschleunigten Anstieg der Fallzahlen von SARS-CoV-2. Erstmals seit Mai&nbsp;2021 liegt die Inzidenz der letzten 7&nbsp;Tage \u00fcber 90&nbsp;F\u00e4lle pro 100.000&nbsp;Einwohner. Trotz hoher Impfquote ist die Pandemie offensichtlich nicht \u00fcberstanden. Auch Intensivmediziner sind besorgt, weil Pflegepersonal f\u00fcr vorhandene Intensivbetten fehlt. Was hei\u00dft das f\u00fcr jeden Einzelnen und vor allem f\u00fcr Menschen mit [&hellip;]<\/p>\n","protected":false},"author":4,"featured_media":0,"comment_status":"open","ping_status":"open","sticky":false,"template":"","format":"standard","meta":{"footnotes":""},"categories":[1],"tags":[11174,11257,10141,10258,24,11258,1565],"_links":{"self":[{"href":"https:\/\/www.diabsite.de\/diabetes-weblog\/wp-json\/wp\/v2\/posts\/56762"}],"collection":[{"href":"https:\/\/www.diabsite.de\/diabetes-weblog\/wp-json\/wp\/v2\/posts"}],"about":[{"href":"https:\/\/www.diabsite.de\/diabetes-weblog\/wp-json\/wp\/v2\/types\/post"}],"author":[{"embeddable":true,"href":"https:\/\/www.diabsite.de\/diabetes-weblog\/wp-json\/wp\/v2\/users\/4"}],"replies":[{"embeddable":true,"href":"https:\/\/www.diabsite.de\/diabetes-weblog\/wp-json\/wp\/v2\/comments?post=56762"}],"version-history":[{"count":2,"href":"https:\/\/www.diabsite.de\/diabetes-weblog\/wp-json\/wp\/v2\/posts\/56762\/revisions"}],"predecessor-version":[{"id":56995,"href":"https:\/\/www.diabsite.de\/diabetes-weblog\/wp-json\/wp\/v2\/posts\/56762\/revisions\/56995"}],"wp:attachment":[{"href":"https:\/\/www.diabsite.de\/diabetes-weblog\/wp-json\/wp\/v2\/media?parent=56762"}],"wp:term":[{"taxonomy":"category","embeddable":true,"href":"https:\/\/www.diabsite.de\/diabetes-weblog\/wp-json\/wp\/v2\/categories?post=56762"},{"taxonomy":"post_tag","embeddable":true,"href":"https:\/\/www.diabsite.de\/diabetes-weblog\/wp-json\/wp\/v2\/tags?post=56762"}],"curies":[{"name":"wp","href":"https:\/\/api.w.org\/{rel}","templated":true}]}}