{"id":56679,"date":"2021-10-13T17:33:54","date_gmt":"2021-10-13T15:33:54","guid":{"rendered":"https:\/\/www.diabsite.de\/diabetes-weblog\/?p=56679"},"modified":"2021-10-16T19:41:13","modified_gmt":"2021-10-16T17:41:13","slug":"spenden-sammeln-und-gutes-tun","status":"publish","type":"post","link":"https:\/\/www.diabsite.de\/diabetes-weblog\/2021\/10\/13\/spenden-sammeln-und-gutes-tun\/","title":{"rendered":"Spenden sammeln und Gutes tun"},"content":{"rendered":"<p><a href=\"https:\/\/www.diabsite.de\/aktuelles\/nachrichten\/2021\/211013.html\" target=\"_blank\" class=\"ds\" title=\"zur Nachricht (neues Fenster)\" rel=\"noopener noreferrer\"><img loading=\"lazy\" decoding=\"async\" class=\"alignright\" src=\"https:\/\/www.diabsite.de\/aktuelles\/nachrichten\/2021\/211013.jpg\" width=\"200\" height=\"210\" alt=\"Dr. Jens Kr\u00f6ger, Vorstandsvorsitzender von diabetesDE\"\/><\/a> 10. Diabetes-Charity-Gala wieder analog mit weniger G\u00e4sten: diabetesDE &#8211; Deutsche Diabetes-Hilfe rief 2011 die erste Diabetes-Charity-Gala in Berlin ins Leben, am 28.&nbsp;Oktober&nbsp;2021 findet im TIPI am Kanzleramt in Berlin bereits die 10.&nbsp;Diabetes-Charity-Gala statt. Ein Erfolg, der so von nur Wenigen erwartet war. Jedes Jahr konnte ein Spendenvolumen zwischen 60.000 und 100.000&nbsp;Euro f\u00fcr zwei karitative Spendenprojekte erreicht werden, die mediale Berichterstattung erh\u00f6hte die dringend notwendige \u00f6ffentliche Fokussierung auf eine der gr\u00f6\u00dften Volkskrankheiten in Deutschland: Aktuell sind mehr als acht Millionen Menschen von Diabetes betroffen. Die Organisatoren werden das diesj\u00e4hrige Event nach der 2G-Regel (ausschlie\u00dflich Geimpfte oder Genesene) mit weniger G\u00e4sten durchf\u00fchren. F\u00fcr die Key&nbsp;Note hat die TV-Journalistin Sandra Maischberger zugesagt. Die Laudatio f\u00fcr den\/die 10.&nbsp;Preistr\u00e4gerIn des Thomas-Fuchsberger-Preises h\u00e4lt der Schauspieler Ralf&nbsp;Bauer. &#8222;Wir freuen uns auf die Jubil\u00e4umsgala aus zwei Gr\u00fcnden: Erstens, dass wir sie wieder analog durchf\u00fchren k\u00f6nnen, und zweitens, weil wir jetzt schon wissen, dass wir mit sechs gro\u00dfen Spendenschecks ein Rekordergebnis bei den Spenden erzielen werden&#8220;, sagt Dr.&nbsp;Jens Kr\u00f6ger. <a href=\"https:\/\/www.diabsite.de\/aktuelles\/nachrichten\/2021\/211013.html\" target=\"_blank\" class=\"ds\" title=\"zur Nachricht (neues Fenster)\" rel=\"noopener noreferrer\">Nachricht lesen<\/a><\/p>\n","protected":false},"excerpt":{"rendered":"<p>10. Diabetes-Charity-Gala wieder analog mit weniger G\u00e4sten: diabetesDE &#8211; Deutsche Diabetes-Hilfe rief 2011 die erste Diabetes-Charity-Gala in Berlin ins Leben, am 28.&nbsp;Oktober&nbsp;2021 findet im TIPI am Kanzleramt in Berlin bereits die 10.&nbsp;Diabetes-Charity-Gala statt. Ein Erfolg, der so von nur Wenigen erwartet war. Jedes Jahr konnte ein Spendenvolumen zwischen 60.000 und 100.000&nbsp;Euro f\u00fcr zwei karitative Spendenprojekte [&hellip;]<\/p>\n","protected":false},"author":4,"featured_media":0,"comment_status":"open","ping_status":"open","sticky":false,"template":"","format":"standard","meta":{"footnotes":""},"categories":[1],"tags":[],"_links":{"self":[{"href":"https:\/\/www.diabsite.de\/diabetes-weblog\/wp-json\/wp\/v2\/posts\/56679"}],"collection":[{"href":"https:\/\/www.diabsite.de\/diabetes-weblog\/wp-json\/wp\/v2\/posts"}],"about":[{"href":"https:\/\/www.diabsite.de\/diabetes-weblog\/wp-json\/wp\/v2\/types\/post"}],"author":[{"embeddable":true,"href":"https:\/\/www.diabsite.de\/diabetes-weblog\/wp-json\/wp\/v2\/users\/4"}],"replies":[{"embeddable":true,"href":"https:\/\/www.diabsite.de\/diabetes-weblog\/wp-json\/wp\/v2\/comments?post=56679"}],"version-history":[{"count":2,"href":"https:\/\/www.diabsite.de\/diabetes-weblog\/wp-json\/wp\/v2\/posts\/56679\/revisions"}],"predecessor-version":[{"id":56685,"href":"https:\/\/www.diabsite.de\/diabetes-weblog\/wp-json\/wp\/v2\/posts\/56679\/revisions\/56685"}],"wp:attachment":[{"href":"https:\/\/www.diabsite.de\/diabetes-weblog\/wp-json\/wp\/v2\/media?parent=56679"}],"wp:term":[{"taxonomy":"category","embeddable":true,"href":"https:\/\/www.diabsite.de\/diabetes-weblog\/wp-json\/wp\/v2\/categories?post=56679"},{"taxonomy":"post_tag","embeddable":true,"href":"https:\/\/www.diabsite.de\/diabetes-weblog\/wp-json\/wp\/v2\/tags?post=56679"}],"curies":[{"name":"wp","href":"https:\/\/api.w.org\/{rel}","templated":true}]}}