{"id":55765,"date":"2021-04-16T14:21:58","date_gmt":"2021-04-16T12:21:58","guid":{"rendered":"https:\/\/www.diabsite.de\/diabetes-weblog\/?p=55765"},"modified":"2021-04-16T21:32:02","modified_gmt":"2021-04-16T19:32:02","slug":"runder-tisch-beim-bmel-zur-ernaehrung-bei-diabetes-typ-2-endet-ohne-ergebnisse","status":"publish","type":"post","link":"https:\/\/www.diabsite.de\/diabetes-weblog\/2021\/04\/16\/runder-tisch-beim-bmel-zur-ernaehrung-bei-diabetes-typ-2-endet-ohne-ergebnisse\/","title":{"rendered":"Runder Tisch beim BMEL zur Ern\u00e4hrung bei Diabetes Typ&nbsp;2 endet ohne Ergebnisse"},"content":{"rendered":"<p><a href=\"https:\/\/www.diabsite.de\/aktuelles\/nachrichten\/2021\/210416.html\" target=\"_blank\" class=\"ds\" title=\"zur Nachricht (neues Fenster)\" rel=\"noopener noreferrer\"><img loading=\"lazy\" decoding=\"async\" class=\"alignright\" src=\"https:\/\/www.diabsite.de\/aktuelles\/nachrichten\/2021\/210416.jpg\" width=\"120\" height=\"162\" alt=\"Bundesministerin Julia Kl\u00f6ckner\" \/><\/a> Runder Tisch beim BMEL zur Ern\u00e4hrung bei Diabetes Typ&nbsp;2 endet ohne Ergebnisse: Der Runde Tisch des Bundesministeriums f\u00fcr Ern\u00e4hrung und Landwirtschaft&nbsp;(BMEL) zur &#8222;Ern\u00e4hrung bei Diabetes Typ&nbsp;2&#8220; am 13.&nbsp;April endete leider ohne Ergebnisse. Eingeladen hatte Bundesministerin Julia Kl\u00f6ckner Wissenschaftler des Deutschen Zentrums f\u00fcr Diabetesforschung&nbsp;(DZD) sowie Vertreter der Deutschen Diabetes Gesellschaft&nbsp;(DDG) und anderer Verb\u00e4nde. DDG und DZD bedauern in der Folge den offenen Ausgang und weisen darauf hin, wie wichtig es sei, beispielsweise die Bewerbung ungesunder Lebensmittel an Kinder nicht nur zaghaft zu regulieren, wie j\u00fcngst vom BMEL mit dem Zentralverband der Deutschen Wirtschaft&nbsp;(ZAW) vereinbart, sondern diese zu verbieten. <a href=\"https:\/\/www.diabsite.de\/aktuelles\/nachrichten\/2021\/210416.html\" target=\"_blank\" class=\"ds\" title=\"zur Nachricht (neues Fenster)\" rel=\"noopener noreferrer\">Nachricht lesen<\/a><\/p>\n","protected":false},"excerpt":{"rendered":"<p>Runder Tisch beim BMEL zur Ern\u00e4hrung bei Diabetes Typ&nbsp;2 endet ohne Ergebnisse: Der Runde Tisch des Bundesministeriums f\u00fcr Ern\u00e4hrung und Landwirtschaft&nbsp;(BMEL) zur &#8222;Ern\u00e4hrung bei Diabetes Typ&nbsp;2&#8220; am 13.&nbsp;April endete leider ohne Ergebnisse. Eingeladen hatte Bundesministerin Julia Kl\u00f6ckner Wissenschaftler des Deutschen Zentrums f\u00fcr Diabetesforschung&nbsp;(DZD) sowie Vertreter der Deutschen Diabetes Gesellschaft&nbsp;(DDG) und anderer Verb\u00e4nde. DDG und DZD [&hellip;]<\/p>\n","protected":false},"author":4,"featured_media":0,"comment_status":"open","ping_status":"open","sticky":false,"template":"","format":"standard","meta":{"footnotes":""},"categories":[2],"tags":[7344,1621,39,2917,3693,10895,5806],"_links":{"self":[{"href":"https:\/\/www.diabsite.de\/diabetes-weblog\/wp-json\/wp\/v2\/posts\/55765"}],"collection":[{"href":"https:\/\/www.diabsite.de\/diabetes-weblog\/wp-json\/wp\/v2\/posts"}],"about":[{"href":"https:\/\/www.diabsite.de\/diabetes-weblog\/wp-json\/wp\/v2\/types\/post"}],"author":[{"embeddable":true,"href":"https:\/\/www.diabsite.de\/diabetes-weblog\/wp-json\/wp\/v2\/users\/4"}],"replies":[{"embeddable":true,"href":"https:\/\/www.diabsite.de\/diabetes-weblog\/wp-json\/wp\/v2\/comments?post=55765"}],"version-history":[{"count":1,"href":"https:\/\/www.diabsite.de\/diabetes-weblog\/wp-json\/wp\/v2\/posts\/55765\/revisions"}],"predecessor-version":[{"id":55766,"href":"https:\/\/www.diabsite.de\/diabetes-weblog\/wp-json\/wp\/v2\/posts\/55765\/revisions\/55766"}],"wp:attachment":[{"href":"https:\/\/www.diabsite.de\/diabetes-weblog\/wp-json\/wp\/v2\/media?parent=55765"}],"wp:term":[{"taxonomy":"category","embeddable":true,"href":"https:\/\/www.diabsite.de\/diabetes-weblog\/wp-json\/wp\/v2\/categories?post=55765"},{"taxonomy":"post_tag","embeddable":true,"href":"https:\/\/www.diabsite.de\/diabetes-weblog\/wp-json\/wp\/v2\/tags?post=55765"}],"curies":[{"name":"wp","href":"https:\/\/api.w.org\/{rel}","templated":true}]}}