{"id":55724,"date":"2021-04-05T15:14:15","date_gmt":"2021-04-05T13:14:15","guid":{"rendered":"https:\/\/www.diabsite.de\/diabetes-weblog\/?p=55724"},"modified":"2021-04-05T22:29:37","modified_gmt":"2021-04-05T20:29:37","slug":"diabetes-undiagnostiziert-auf-der-covid-intensivstation","status":"publish","type":"post","link":"https:\/\/www.diabsite.de\/diabetes-weblog\/2021\/04\/05\/diabetes-undiagnostiziert-auf-der-covid-intensivstation\/","title":{"rendered":"Diabetes: Undiagnostiziert auf der COVID-Intensivstation"},"content":{"rendered":"<p><a href=\"https:\/\/www.diabsite.de\/index.html#diabetes\" target=\"_blank\" class=\"ds\" title=\"neues Fenster\" rel=\"noopener noreferrer\"><img loading=\"lazy\" decoding=\"async\" class=\"alignright\" src=\"https:\/\/www.diabsite.de\/_img\/grafics\/covid-19.jpg\" width=\"200\" height=\"159\" alt=\"COVID-19\" \/><\/a> &#8222;COVID und Diabetes haben mehr mit einander zu tun als auf den ersten Blick erwartet, erkl\u00e4rt Prof.&nbsp;Dr.&nbsp;Susanne Kaser, Pr\u00e4sidentin der \u00d6sterreichischen Diabetes Gesellschaft: Jeder zweite Covid-Intensivpatient leidet unter Diabetes. Jeder vierte Diabetespatient wei\u00df nicht, dass er betroffen ist. Und die Strategie um unter anderem das zu \u00e4ndern, liegt seit vier Jahren unber\u00fchrt in der Schublade.&#8220; Mehr erfahren Sie in einem interessanten Interview des Austrian Health Forums unter. <a href=\"https:\/\/www.austrianhealthforum.at\/gesundheits-podcast\/episode-7\/\" target=\"_blank\" class=\"extern\" title=\"neues Fenster\" rel=\"noopener\">Corona Collaterals&nbsp;| Episode&nbsp;7<\/a>. Diesen Beitrag hat das <a href=\"https:\/\/www.diabsite.de\/index.html#diabetes-typ-1\" target=\"_blank\" class=\"ds\" title=\"neues Fenster\" rel=\"noopener noreferrer\">Diabetes-Portal DiabSite<\/a> heute f\u00fcr Sie aus dem Netz gefischt.<\/p>\n","protected":false},"excerpt":{"rendered":"<p>&#8222;COVID und Diabetes haben mehr mit einander zu tun als auf den ersten Blick erwartet, erkl\u00e4rt Prof.&nbsp;Dr.&nbsp;Susanne Kaser, Pr\u00e4sidentin der \u00d6sterreichischen Diabetes Gesellschaft: Jeder zweite Covid-Intensivpatient leidet unter Diabetes. Jeder vierte Diabetespatient wei\u00df nicht, dass er betroffen ist. Und die Strategie um unter anderem das zu \u00e4ndern, liegt seit vier Jahren unber\u00fchrt in der Schublade.&#8220; [&hellip;]<\/p>\n","protected":false},"author":4,"featured_media":0,"comment_status":"open","ping_status":"open","sticky":false,"template":"","format":"standard","meta":{"footnotes":""},"categories":[1],"tags":[10931,10930,24,528,10929],"_links":{"self":[{"href":"https:\/\/www.diabsite.de\/diabetes-weblog\/wp-json\/wp\/v2\/posts\/55724"}],"collection":[{"href":"https:\/\/www.diabsite.de\/diabetes-weblog\/wp-json\/wp\/v2\/posts"}],"about":[{"href":"https:\/\/www.diabsite.de\/diabetes-weblog\/wp-json\/wp\/v2\/types\/post"}],"author":[{"embeddable":true,"href":"https:\/\/www.diabsite.de\/diabetes-weblog\/wp-json\/wp\/v2\/users\/4"}],"replies":[{"embeddable":true,"href":"https:\/\/www.diabsite.de\/diabetes-weblog\/wp-json\/wp\/v2\/comments?post=55724"}],"version-history":[{"count":5,"href":"https:\/\/www.diabsite.de\/diabetes-weblog\/wp-json\/wp\/v2\/posts\/55724\/revisions"}],"predecessor-version":[{"id":55780,"href":"https:\/\/www.diabsite.de\/diabetes-weblog\/wp-json\/wp\/v2\/posts\/55724\/revisions\/55780"}],"wp:attachment":[{"href":"https:\/\/www.diabsite.de\/diabetes-weblog\/wp-json\/wp\/v2\/media?parent=55724"}],"wp:term":[{"taxonomy":"category","embeddable":true,"href":"https:\/\/www.diabsite.de\/diabetes-weblog\/wp-json\/wp\/v2\/categories?post=55724"},{"taxonomy":"post_tag","embeddable":true,"href":"https:\/\/www.diabsite.de\/diabetes-weblog\/wp-json\/wp\/v2\/tags?post=55724"}],"curies":[{"name":"wp","href":"https:\/\/api.w.org\/{rel}","templated":true}]}}