{"id":55620,"date":"2021-03-13T22:01:09","date_gmt":"2021-03-13T21:01:09","guid":{"rendered":"https:\/\/www.diabsite.de\/diabetes-weblog\/?p=55620"},"modified":"2021-03-13T22:01:09","modified_gmt":"2021-03-13T21:01:09","slug":"aktuell-und-digital","status":"publish","type":"post","link":"https:\/\/www.diabsite.de\/diabetes-weblog\/2021\/03\/13\/aktuell-und-digital\/","title":{"rendered":"Aktuell und digital"},"content":{"rendered":"<p>Die Diabetesaktion &#8222;Wissen was bei Diabetes z\u00e4hlt: Ges\u00fcnder unter 7&nbsp;PLUS&#8220; bietet am Donnerstag, dem 18.&nbsp;M\u00e4rz&nbsp;2021, ab 16:30&nbsp;Uhr Interessierten und Betroffenen die M\u00f6glichkeit, sich \u00fcber die Volkskrankheit Diabetes zu informieren. Experten werden wertvolle Tipps und Informationen geben und unter anderem das aktuelle Thema &#8222;Diabetes und Corona&#8220; aufgreifen. <a href=\"https:\/\/www.diabsite.de\/aktuelles\/nachrichten\/2021\/210313.html\" target=\"_blank\" class=\"ds\" title=\"zur Nachricht (neues Fenster)\" rel=\"noopener noreferrer\">Nachricht lesen<\/a><\/p>\n","protected":false},"excerpt":{"rendered":"<p>Die Diabetesaktion &#8222;Wissen was bei Diabetes z\u00e4hlt: Ges\u00fcnder unter 7&nbsp;PLUS&#8220; bietet am Donnerstag, dem 18.&nbsp;M\u00e4rz&nbsp;2021, ab 16:30&nbsp;Uhr Interessierten und Betroffenen die M\u00f6glichkeit, sich \u00fcber die Volkskrankheit Diabetes zu informieren. Experten werden wertvolle Tipps und Informationen geben und unter anderem das aktuelle Thema &#8222;Diabetes und Corona&#8220; aufgreifen. Nachricht lesen<\/p>\n","protected":false},"author":4,"featured_media":0,"comment_status":"open","ping_status":"open","sticky":false,"template":"","format":"standard","meta":{"footnotes":""},"categories":[2],"tags":[420,10313,24,6106,6918,60],"_links":{"self":[{"href":"https:\/\/www.diabsite.de\/diabetes-weblog\/wp-json\/wp\/v2\/posts\/55620"}],"collection":[{"href":"https:\/\/www.diabsite.de\/diabetes-weblog\/wp-json\/wp\/v2\/posts"}],"about":[{"href":"https:\/\/www.diabsite.de\/diabetes-weblog\/wp-json\/wp\/v2\/types\/post"}],"author":[{"embeddable":true,"href":"https:\/\/www.diabsite.de\/diabetes-weblog\/wp-json\/wp\/v2\/users\/4"}],"replies":[{"embeddable":true,"href":"https:\/\/www.diabsite.de\/diabetes-weblog\/wp-json\/wp\/v2\/comments?post=55620"}],"version-history":[{"count":1,"href":"https:\/\/www.diabsite.de\/diabetes-weblog\/wp-json\/wp\/v2\/posts\/55620\/revisions"}],"predecessor-version":[{"id":55621,"href":"https:\/\/www.diabsite.de\/diabetes-weblog\/wp-json\/wp\/v2\/posts\/55620\/revisions\/55621"}],"wp:attachment":[{"href":"https:\/\/www.diabsite.de\/diabetes-weblog\/wp-json\/wp\/v2\/media?parent=55620"}],"wp:term":[{"taxonomy":"category","embeddable":true,"href":"https:\/\/www.diabsite.de\/diabetes-weblog\/wp-json\/wp\/v2\/categories?post=55620"},{"taxonomy":"post_tag","embeddable":true,"href":"https:\/\/www.diabsite.de\/diabetes-weblog\/wp-json\/wp\/v2\/tags?post=55620"}],"curies":[{"name":"wp","href":"https:\/\/api.w.org\/{rel}","templated":true}]}}