{"id":55530,"date":"2021-02-17T11:13:21","date_gmt":"2021-02-17T10:13:21","guid":{"rendered":"https:\/\/www.diabsite.de\/diabetes-weblog\/?p=55530"},"modified":"2021-02-18T21:24:34","modified_gmt":"2021-02-18T20:24:34","slug":"ploetzlicher-sehverlust","status":"publish","type":"post","link":"https:\/\/www.diabsite.de\/diabetes-weblog\/2021\/02\/17\/ploetzlicher-sehverlust\/","title":{"rendered":"Pl\u00f6tzlicher Sehverlust"},"content":{"rendered":"<p>Warum der Ultraschall in der Prim\u00e4rdiagnostik das Mittel der Wahl sein sollte und Diabetiker ein besonders hohes Risiko f\u00fcr Glask\u00f6rperblutungen haben: Es kann von einer Sekunde auf die andere passieren: Die Sicht wird unscharf&nbsp;&#8211; was gerade noch klar erkennbar war, scheint pl\u00f6tzlich zu verschwimmen, alles wirkt wie in &#8222;Nebel geh\u00fcllt&#8220;. Wer solche Symptome hat, leidet unter einem pl\u00f6tzlichen Sehverlust. Experten der Deutschen Gesellschaft f\u00fcr Ultraschall in der Medizin&nbsp;(DEGUM) empfehlen in diesen F\u00e4llen den Ultraschall als wichtiges Diagnoseinstrument. Mithilfe der Sonografie k\u00f6nnen die h\u00e4ufigsten Ursachen eines akuten Sehverlusts &#8211;&nbsp;wie beispielsweise eine Netzhautabl\u00f6sung oder Verletzungen im Auge&nbsp;&#8211; besonders exakt und gesundheitsschonend dargestellt werden. <a href=\"https:\/\/www.diabsite.de\/aktuelles\/nachrichten\/2021\/210217.html\" target=\"_blank\" class=\"ds\" title=\"zur Nachricht (neues Fenster)\" rel=\"noopener noreferrer\">Nachricht lesen<\/a><\/p>\n","protected":false},"excerpt":{"rendered":"<p>Warum der Ultraschall in der Prim\u00e4rdiagnostik das Mittel der Wahl sein sollte und Diabetiker ein besonders hohes Risiko f\u00fcr Glask\u00f6rperblutungen haben: Es kann von einer Sekunde auf die andere passieren: Die Sicht wird unscharf&nbsp;&#8211; was gerade noch klar erkennbar war, scheint pl\u00f6tzlich zu verschwimmen, alles wirkt wie in &#8222;Nebel geh\u00fcllt&#8220;. Wer solche Symptome hat, leidet [&hellip;]<\/p>\n","protected":false},"author":4,"featured_media":0,"comment_status":"open","ping_status":"open","sticky":false,"template":"","format":"standard","meta":{"footnotes":""},"categories":[2],"tags":[8075,30,10867,10866,10865,8581],"_links":{"self":[{"href":"https:\/\/www.diabsite.de\/diabetes-weblog\/wp-json\/wp\/v2\/posts\/55530"}],"collection":[{"href":"https:\/\/www.diabsite.de\/diabetes-weblog\/wp-json\/wp\/v2\/posts"}],"about":[{"href":"https:\/\/www.diabsite.de\/diabetes-weblog\/wp-json\/wp\/v2\/types\/post"}],"author":[{"embeddable":true,"href":"https:\/\/www.diabsite.de\/diabetes-weblog\/wp-json\/wp\/v2\/users\/4"}],"replies":[{"embeddable":true,"href":"https:\/\/www.diabsite.de\/diabetes-weblog\/wp-json\/wp\/v2\/comments?post=55530"}],"version-history":[{"count":1,"href":"https:\/\/www.diabsite.de\/diabetes-weblog\/wp-json\/wp\/v2\/posts\/55530\/revisions"}],"predecessor-version":[{"id":55531,"href":"https:\/\/www.diabsite.de\/diabetes-weblog\/wp-json\/wp\/v2\/posts\/55530\/revisions\/55531"}],"wp:attachment":[{"href":"https:\/\/www.diabsite.de\/diabetes-weblog\/wp-json\/wp\/v2\/media?parent=55530"}],"wp:term":[{"taxonomy":"category","embeddable":true,"href":"https:\/\/www.diabsite.de\/diabetes-weblog\/wp-json\/wp\/v2\/categories?post=55530"},{"taxonomy":"post_tag","embeddable":true,"href":"https:\/\/www.diabsite.de\/diabetes-weblog\/wp-json\/wp\/v2\/tags?post=55530"}],"curies":[{"name":"wp","href":"https:\/\/api.w.org\/{rel}","templated":true}]}}