{"id":55483,"date":"2021-02-01T20:10:02","date_gmt":"2021-02-01T19:10:02","guid":{"rendered":"https:\/\/www.diabsite.de\/diabetes-weblog\/?p=55483"},"modified":"2021-02-01T21:15:26","modified_gmt":"2021-02-01T20:15:26","slug":"corona-verordnung-diabetiker-koennen-frueher-geimpft-werden","status":"publish","type":"post","link":"https:\/\/www.diabsite.de\/diabetes-weblog\/2021\/02\/01\/corona-verordnung-diabetiker-koennen-frueher-geimpft-werden\/","title":{"rendered":"Corona-Verordnung: Diabetiker k\u00f6nnen fr\u00fcher geimpft werden"},"content":{"rendered":"<p>&#8222;Menschen mit Diabetes und bestimmten anderen Vorerkrankungen sollen fr\u00fcher als bislang vorgesehen gegen Corona geimpft werden k\u00f6nnen. Nach ARD-Informationen soll die Verordnung f\u00fcr die Impf-Reihenfolge ge\u00e4ndert werden.&#8220; Wer erh\u00e4lt wann in Deutschland die Corona-Impfung? Aufgrund diverser Probleme ist der Plan ziemlich durcheinander gekommen, doch die Reihenfolge an sich ist klar: Die Impfverordnung von Ende Dezember 2020 regelt, dass bestimmte Gruppen zuerst die Impfung erhalten sollen. Doch diese Verordnung soll nun \u00fcberarbeitet werden &#8211; unter anderem, um Menschen mit bestimmten Vorerkrankungen besser ber\u00fccksichtigen zu k\u00f6nnen. Mehr erfahren Sie auf der folgenden Seite von <a href=\"https:\/\/www.tagesschau.de\/inland\/impf-reihenfolge-101.html\" target=\"_blank\" class=\"extern\" title=\"neues Fenster\" rel=\"noopener noreferrer\">tagesschau.de<\/a>. Diesen Beitrag hat das Diabetes-Portal DiabSite heute f\u00fcr Sie aus dem Netz gefischt.<\/p>\n","protected":false},"excerpt":{"rendered":"<p>&#8222;Menschen mit Diabetes und bestimmten anderen Vorerkrankungen sollen fr\u00fcher als bislang vorgesehen gegen Corona geimpft werden k\u00f6nnen. Nach ARD-Informationen soll die Verordnung f\u00fcr die Impf-Reihenfolge ge\u00e4ndert werden.&#8220; Wer erh\u00e4lt wann in Deutschland die Corona-Impfung? Aufgrund diverser Probleme ist der Plan ziemlich durcheinander gekommen, doch die Reihenfolge an sich ist klar: Die Impfverordnung von Ende Dezember [&hellip;]<\/p>\n","protected":false},"author":4,"featured_media":0,"comment_status":"open","ping_status":"open","sticky":false,"template":"","format":"standard","meta":{"footnotes":""},"categories":[1],"tags":[10834,10766,10833,30,10835,10836,7462],"_links":{"self":[{"href":"https:\/\/www.diabsite.de\/diabetes-weblog\/wp-json\/wp\/v2\/posts\/55483"}],"collection":[{"href":"https:\/\/www.diabsite.de\/diabetes-weblog\/wp-json\/wp\/v2\/posts"}],"about":[{"href":"https:\/\/www.diabsite.de\/diabetes-weblog\/wp-json\/wp\/v2\/types\/post"}],"author":[{"embeddable":true,"href":"https:\/\/www.diabsite.de\/diabetes-weblog\/wp-json\/wp\/v2\/users\/4"}],"replies":[{"embeddable":true,"href":"https:\/\/www.diabsite.de\/diabetes-weblog\/wp-json\/wp\/v2\/comments?post=55483"}],"version-history":[{"count":1,"href":"https:\/\/www.diabsite.de\/diabetes-weblog\/wp-json\/wp\/v2\/posts\/55483\/revisions"}],"predecessor-version":[{"id":55484,"href":"https:\/\/www.diabsite.de\/diabetes-weblog\/wp-json\/wp\/v2\/posts\/55483\/revisions\/55484"}],"wp:attachment":[{"href":"https:\/\/www.diabsite.de\/diabetes-weblog\/wp-json\/wp\/v2\/media?parent=55483"}],"wp:term":[{"taxonomy":"category","embeddable":true,"href":"https:\/\/www.diabsite.de\/diabetes-weblog\/wp-json\/wp\/v2\/categories?post=55483"},{"taxonomy":"post_tag","embeddable":true,"href":"https:\/\/www.diabsite.de\/diabetes-weblog\/wp-json\/wp\/v2\/tags?post=55483"}],"curies":[{"name":"wp","href":"https:\/\/api.w.org\/{rel}","templated":true}]}}