{"id":55455,"date":"2021-03-08T17:40:13","date_gmt":"2021-03-08T16:40:13","guid":{"rendered":"https:\/\/www.diabsite.de\/diabetes-weblog\/?p=55455"},"modified":"2024-03-08T08:37:09","modified_gmt":"2024-03-08T07:37:09","slug":"blumen-und-gedanken-zum-weltfrauenentag","status":"publish","type":"post","link":"https:\/\/www.diabsite.de\/diabetes-weblog\/2021\/03\/08\/blumen-und-gedanken-zum-weltfrauenentag\/","title":{"rendered":"Blumen und Gedanken zum Weltfrauentag"},"content":{"rendered":"<p><a href=\"https:\/\/www.diabsite.de\/_img\/grafics\/weltfrauentag-diabsite-gr.jpg\"><img loading=\"lazy\" decoding=\"async\" src=\"https:\/\/www.diabsite.de\/_img\/grafics\/weltfrauentag-diabsite.jpg\" class=\"alignright\" width=\"200\" height=\"156\" alt=\"Blumen zum Weltfrauentag\" \/><\/a><br \/>\nHeute ist Weltfrauentag. Seit&nbsp;1977 ist der Internationale Frauentag am 8.&nbsp;M\u00e4rz der offizielle <a href=\"http:\/\/www.unis.unvienna.org\/unis\/de\/index.html\" target=\"_blank\" class=\"extern\" title=\"neues Fenster\" rel=\"noopener\">Tag der Vereinten Nationen f\u00fcr die Rechte der Frau und den Weltfrieden<\/a>. 30&nbsp;Jahre sp\u00e4ter erreichte der <a href=\"\/aktionen\/weltdiabetestag\/resolution.html\">Weltdiabetestag<\/a> diesen Status. Immerhin! Nur wo bleibt der Kampf der Diabetikerinnen und Diabetiker f\u00fcr ihre Rechte? Wir vom Diabetes-Portal DiabSite haben uns zu diesem Thema einige Gedanken gemacht und ermutigen im <a href=\"http:\/\/www.diabsite.de\/diabetes-weblog\/2016\/03\/08\/blumen-und-gedanken-zum-weltfrauentag-3\/\" target=\"_blank\" class=\"blog\" title=\"neues Fenster\" rel=\"noopener\">DiabSite Diabetes-Weblog<\/a> alle Diabetiker, sich st\u00e4rker f\u00fcr ihre Rechte einzusetzen. Allen Besucherinnen \u00fcberreicht das DiabSite-Team heute einen virtuellen Blumenstrau\u00df und w\u00fcnscht ihnen einen sch\u00f6nen Weltfrauentag!<\/p>\n","protected":false},"excerpt":{"rendered":"<p>Heute ist Weltfrauentag. Seit&nbsp;1977 ist der Internationale Frauentag am 8.&nbsp;M\u00e4rz der offizielle Tag der Vereinten Nationen f\u00fcr die Rechte der Frau und den Weltfrieden. 30&nbsp;Jahre sp\u00e4ter erreichte der Weltdiabetestag diesen Status. Immerhin! Nur wo bleibt der Kampf der Diabetikerinnen und Diabetiker f\u00fcr ihre Rechte? Wir vom Diabetes-Portal DiabSite haben uns zu diesem Thema einige Gedanken [&hellip;]<\/p>\n","protected":false},"author":4,"featured_media":0,"comment_status":"open","ping_status":"open","sticky":false,"template":"","format":"standard","meta":{"footnotes":""},"categories":[1],"tags":[6143,24,10886,476,588,1698],"_links":{"self":[{"href":"https:\/\/www.diabsite.de\/diabetes-weblog\/wp-json\/wp\/v2\/posts\/55455"}],"collection":[{"href":"https:\/\/www.diabsite.de\/diabetes-weblog\/wp-json\/wp\/v2\/posts"}],"about":[{"href":"https:\/\/www.diabsite.de\/diabetes-weblog\/wp-json\/wp\/v2\/types\/post"}],"author":[{"embeddable":true,"href":"https:\/\/www.diabsite.de\/diabetes-weblog\/wp-json\/wp\/v2\/users\/4"}],"replies":[{"embeddable":true,"href":"https:\/\/www.diabsite.de\/diabetes-weblog\/wp-json\/wp\/v2\/comments?post=55455"}],"version-history":[{"count":5,"href":"https:\/\/www.diabsite.de\/diabetes-weblog\/wp-json\/wp\/v2\/posts\/55455\/revisions"}],"predecessor-version":[{"id":59889,"href":"https:\/\/www.diabsite.de\/diabetes-weblog\/wp-json\/wp\/v2\/posts\/55455\/revisions\/59889"}],"wp:attachment":[{"href":"https:\/\/www.diabsite.de\/diabetes-weblog\/wp-json\/wp\/v2\/media?parent=55455"}],"wp:term":[{"taxonomy":"category","embeddable":true,"href":"https:\/\/www.diabsite.de\/diabetes-weblog\/wp-json\/wp\/v2\/categories?post=55455"},{"taxonomy":"post_tag","embeddable":true,"href":"https:\/\/www.diabsite.de\/diabetes-weblog\/wp-json\/wp\/v2\/tags?post=55455"}],"curies":[{"name":"wp","href":"https:\/\/api.w.org\/{rel}","templated":true}]}}